{"id":199,"date":"2025-02-02T01:08:10","date_gmt":"2025-02-02T01:08:10","guid":{"rendered":"https:\/\/unsr.albertbarume.org\/site\/2025\/02\/14\/convocatoria-de-contribuciones-derechos-humanos-en-el-ciclo-de-vida-de-las-energias-renovables-y-los-minerales-criticos\/"},"modified":"2025-04-14T01:18:43","modified_gmt":"2025-04-14T01:18:43","slug":"convocatoria-de-contribuciones-derechos-humanos-en-el-ciclo-de-vida-de-las-energias-renovables-y-los-minerales-criticos","status":"publish","type":"post","link":"https:\/\/unsr.albertbarume.org\/site\/es?p=199","title":{"rendered":"Convocatoria de contribuciones &#8211; Derechos humanos en el ciclo de vida de las energ\u00edas renovables y los minerales cr\u00edticos"},"content":{"rendered":"<p><strong><img loading=\"lazy\" decoding=\"async\" class=\"size-medium wp-image-194 alignleft\" src=\"https:\/\/unsr.albertbarume.org\/site\/wp-content\/uploads\/2025\/04\/ohchr-300x252.png\" alt=\"\" width=\"300\" height=\"252\" srcset=\"https:\/\/unsr.albertbarume.org\/site\/wp-content\/uploads\/2025\/04\/ohchr-300x252.png 300w, https:\/\/unsr.albertbarume.org\/site\/wp-content\/uploads\/2025\/04\/ohchr.png 311w\" sizes=\"auto, (max-width: 300px) 100vw, 300px\" \/>Objetivo<\/strong><\/p>\n<p>Elaborar el informe tem\u00e1tico de la Relatora Especial sobre la promoci\u00f3n y la protecci\u00f3n de los derechos humanos en el contexto del cambio clim\u00e1tico para el 80\u00ba per\u00edodo de sesiones de la Asamblea General de las Naciones Unidas.<\/p>\n<p><strong>Antecedentes<\/strong><\/p>\n<p>En su pr\u00f3ximo informe a la Asamblea General de las Naciones Unidas, la Relatora Especial pretende sintetizar y analizar un conjunto variado de pruebas (procedentes de las ciencias naturales y sociales, incluidas las ciencias ind\u00edgenas y otros sistemas de conocimiento) sobre los impactos positivos y negativos en los derechos humanos de las diferentes fuentes, escalas y etapas del desarrollo de las energ\u00edas renovables, a lo largo de todo su ciclo de vida, incluida la extracci\u00f3n y reutilizaci\u00f3n de minerales cr\u00edticos.<\/p>\n<p>Sobre esta base, el informe tratar\u00e1 de aclarar las obligaciones internacionales de los Estados en materia de derechos humanos, individualmente y como parte de la cooperaci\u00f3n internacional, as\u00ed como la responsabilidad de las empresas, para apoyar una transici\u00f3n justa al tiempo que se mejora la protecci\u00f3n del derecho humano de todas las personas a un medio ambiente sano y la prevenci\u00f3n de los impactos negativos previsibles sobre los derechos humanos de determinados enfoques de mitigaci\u00f3n del cambio clim\u00e1tico. Las obligaciones se aclarar\u00e1n teniendo debidamente en cuenta: la necesidad de intensificar la acci\u00f3n y el apoyo mundiales para hacer frente al cambio clim\u00e1tico, en particular para evitar, reducir al m\u00ednimo y hacer frente a las p\u00e9rdidas y los da\u00f1os asociados a los efectos adversos del cambio clim\u00e1tico; y los principios de la Convenci\u00f3n Marco de las Naciones Unidas sobre el Cambio Clim\u00e1tico, incluido el principio de equidad y las responsabilidades comunes pero diferenciadas y las capacidades respectivas, a la luz de las diferentes circunstancias nacionales y en el contexto del desarrollo sostenible y los esfuerzos para erradicar la pobreza, todo ello en pos de los objetivos de la Convenci\u00f3n y el Acuerdo de Par\u00eds.<\/p>\n<p>El informe identificar\u00e1 buenas pr\u00e1cticas, estrategias y pol\u00edticas a todos los niveles que contribuyan a la promoci\u00f3n y protecci\u00f3n de todos los derechos humanos y a la mitigaci\u00f3n de la pobreza a lo largo del ciclo de vida de las energ\u00edas renovables y los minerales cr\u00edticos, con vistas a contribuir a la consecuci\u00f3n de los Objetivos de Desarrollo Sostenible, en particular los Objetivos 13 (acci\u00f3n por el clima) y 14 (vida submarina).<\/p>\n<p>La Relatora Especial tratar\u00e1 de formular recomendaciones constructivas y concretas sobre enfoques del desarrollo de las energ\u00edas renovables y los minerales cr\u00edticos basados en los derechos humanos, que tengan en cuenta las cuestiones de g\u00e9nero, la edad, la discapacidad y los riesgos a lo largo de todo su ciclo de vida, que mejoren la protecci\u00f3n de todos los derechos humanos, incluido el derecho humano de todas las personas a un medio ambiente sano, y eviten la discriminaci\u00f3n, en el contexto de la transici\u00f3n justa.<\/p>\n<p><strong>Objetivos<\/strong><\/p>\n<p>La convocatoria de aportaciones tiene como objetivo avanzar en la comprensi\u00f3n de los impactos positivos y negativos documentados sobre los derechos humanos de las diferentes fuentes, escalas y etapas del desarrollo de las energ\u00edas renovables como parte de una transici\u00f3n justa, incluyendo en relaci\u00f3n con los minerales cr\u00edticos, a lo largo de su ciclo de vida.<\/p>\n<p>Se espera que las aportaciones arrojen luz sobre los diversos conjuntos de pruebas de los impactos positivos y negativos sobre los derechos humanos de las energ\u00edas renovables y los minerales cr\u00edticos, en tierra y mar, y eval\u00faen enfoques alternativos que puedan apoyar mejor un enfoque basado en los ecosistemas y en los derechos humanos.<\/p>\n<p>Tambi\u00e9n se espera que las aportaciones compartan el an\u00e1lisis del panorama actual del derecho internacional pertinente para las energ\u00edas renovables y los minerales cr\u00edticos, identificando cualquier \u00e1rea que apoye o dificulte la protecci\u00f3n de los derechos humanos en el contexto de una transici\u00f3n justa.<\/p>\n<p>Tambi\u00e9n se espera que las aportaciones compartan buenas pr\u00e1cticas y lecciones aprendidas en la regulaci\u00f3n, supervisi\u00f3n y financiaci\u00f3n del desarrollo de energ\u00edas renovables, incluidos los minerales cr\u00edticos, con vistas a proteger todos los derechos humanos, teniendo en cuenta la interseccionalidad y la equidad intergeneracional (A\/HRC\/56\/46), y contribuyendo a la consecuci\u00f3n de los Objetivos de Desarrollo Sostenible, en particular los Objetivos 13 (acci\u00f3n por el clima) y 14 (vida submarina).<\/p>\n<p><strong>Preguntas clave y tipos de aportaciones o comentarios solicitados<\/strong><\/p>\n<p>La Relatora Especial desea invitar a los Estados, las personas interesadas, las organizaciones y las empresas que se ocupan de cuestiones relacionadas con los derechos humanos y el cambio clim\u00e1tico a que hagan aportaciones para la preparaci\u00f3n de su informe tem\u00e1tico. Las aportaciones pueden ser espec\u00edficas de cada pa\u00eds o de car\u00e1cter general. Pueden contener informaci\u00f3n sobre los siguientes temas<\/p>\n<ol>\n<li>\u00bfCu\u00e1les son los impactos positivos y negativos sobre los derechos humanos de las diferentes fuentes, escalas y etapas del desarrollo de las energ\u00edas renovables, a lo largo de su ciclo de vida? \u00bfCu\u00e1les son las causas de estos impactos? \u00bfA qui\u00e9nes afectan desproporcionadamente los impactos negativos y por qu\u00e9?<\/li>\n<li>\u00bfCu\u00e1les son los impactos positivos y negativos sobre los derechos humanos del ciclo de vida de los minerales cr\u00edticos? \u00bfCu\u00e1les son las causas de estos impactos? \u00bfA qui\u00e9nes afectan de manera desproporcionada los impactos negativos y por qu\u00e9?<\/li>\n<li>\u00bfQu\u00e9 \u00e1reas del derecho internacional son relevantes para la protecci\u00f3n de los derechos humanos en el ciclo de vida de las energ\u00edas renovables y los minerales cr\u00edticos? \u00bfExisten obst\u00e1culos a la protecci\u00f3n de los derechos humanos en el derecho internacional que se plantear\u00edan en las distintas fases de estos ciclos de vida, como parte de una transici\u00f3n justa?<\/li>\n<li>\u00bfExisten buenas pr\u00e1cticas o lecciones aprendidas en la regulaci\u00f3n, supervisi\u00f3n y financiaci\u00f3n del desarrollo de las energ\u00edas renovables, incluidos los minerales cr\u00edticos, que puedan apoyar una transici\u00f3n justa y la protecci\u00f3n de los derechos humanos, as\u00ed como la consecuci\u00f3n de los ODS 13 y 14?<\/li>\n<li>\u00bfExisten ejemplos concretos de enfoques del desarrollo de las energ\u00edas renovables, incluidos los minerales cr\u00edticos, basados en los derechos, que tengan en cuenta las cuestiones de g\u00e9nero, la edad, la discapacidad y los riesgos, dirigidos por los Estados o las empresas?<\/li>\n<li>\u00bfExisten barreras espec\u00edficas en el contexto de la regulaci\u00f3n estatal o la conducta empresarial que socaven la protecci\u00f3n de los derechos humanos en todo el ciclo de vida de las energ\u00edas renovables y los minerales cr\u00edticos? \u00bfC\u00f3mo pueden abordarse estos obst\u00e1culos?<\/li>\n<li>\u00bfC\u00f3mo puede contribuir la cooperaci\u00f3n internacional en materia de financiaci\u00f3n, capacidad y tecnolog\u00eda relacionadas con el ciclo de vida completo de las energ\u00edas renovables y los minerales cr\u00edticos a proteger los derechos humanos y tener en cuenta el principio de equidad y las responsabilidades comunes pero diferenciadas y las capacidades respectivas, a la luz de las diferentes circunstancias nacionales y en el contexto del desarrollo sostenible y los esfuerzos por erradicar la pobreza, todo ello en pos de los objetivos de la Convenci\u00f3n y el Acuerdo de Par\u00eds?<\/li>\n<\/ol>\n<p><strong>C\u00f3mo se utilizar\u00e1n las aportaciones<\/strong><\/p>\n<p>Las aportaciones se tratar\u00e1n para informar sobre la preparaci\u00f3n del informe tem\u00e1tico de la Relatora Especial al Consejo de Derechos Humanos. Las aportaciones se publicar\u00e1n en el sitio web de la Relatora Especial, a menos que quienes las presenten indiquen lo contrario. Las aportaciones no deben contener quejas concretas ni nombres de v\u00edctimas y no se publicar\u00e1n en l\u00ednea.<\/p>\n<p>Las aportaciones recibidas antes del 30 de marzo se tendr\u00e1n en cuenta en la organizaci\u00f3n de talleres virtuales de expertos en mayo, para elaborar el informe, a menos que las personas remitentes indiquen lo contrario.<\/p>\n<p>&nbsp;<\/p>\n<p><strong>Env\u00edo de respuestas<\/strong><\/p>\n<p>&nbsp;<\/p>\n<p>Env\u00ede sus respuestas al cuestionario <strong>en formato Word<\/strong> por correo electr\u00f3nico a <a href=\"mailto:hrc-sr-climatechange@un.org\">hrc-sr-climatechange@un.org<\/a>.<\/p>\n<p>&nbsp;<\/p>\n<p><strong>Le rogamos que sea conciso y se limite a un m\u00e1ximo de<\/strong> <strong>5 p\u00e1ginas (o 2.500 palabras), sin incluir ap\u00e9ndices ni anexos.<\/strong><\/p>\n<p>&nbsp;<\/p>\n<p>Debido a la capacidad limitada de traducci\u00f3n, tambi\u00e9n solicitamos que sus aportaciones se env\u00eden en ingl\u00e9s, franc\u00e9s o espa\u00f1ol.<\/p>\n<p>&nbsp;<\/p>\n<p>Para evitar duplicaciones innecesarias: si ha respondido recientemente a otros cuestionarios de mecanismos de derechos humanos de las Naciones Unidas (u otros organismos internacionales) con informaci\u00f3n que tambi\u00e9n ser\u00eda pertinente para esta solicitud, le agradecer\u00edamos que nos remitiera a esas respuestas.<\/p>\n<p>&nbsp;<\/p>\n<p><strong>El plazo de presentaci\u00f3n finaliza el 30 de abril de 2025.<\/strong><\/p>\n","protected":false},"excerpt":{"rendered":"<p>Objetivo Elaborar el informe tem\u00e1tico de la Relatora Especial sobre la promoci\u00f3n y la protecci\u00f3n de los derechos humanos en el contexto del cambio clim\u00e1tico para el 80\u00ba per\u00edodo de sesiones de la Asamblea General de las Naciones Unidas. Antecedentes En su pr\u00f3ximo informe a la Asamblea General de las Naciones Unidas, la Relatora Especial\u2026 <span class=\"read-more\"><a href=\"https:\/\/unsr.albertbarume.org\/site\/es?p=199\">Leer m\u00e1s &raquo;<\/a><\/span><\/p>\n","protected":false},"author":1,"featured_media":329,"comment_status":"closed","ping_status":"closed","sticky":false,"template":"","format":"standard","meta":{"footnotes":""},"categories":[34],"tags":[],"class_list":["post-199","post","type-post","status-publish","format-standard","has-post-thumbnail","hentry","category-convocatorias"],"_links":{"self":[{"href":"https:\/\/unsr.albertbarume.org\/site\/es\/index.php?rest_route=\/wp\/v2\/posts\/199","targetHints":{"allow":["GET"]}}],"collection":[{"href":"https:\/\/unsr.albertbarume.org\/site\/es\/index.php?rest_route=\/wp\/v2\/posts"}],"about":[{"href":"https:\/\/unsr.albertbarume.org\/site\/es\/index.php?rest_route=\/wp\/v2\/types\/post"}],"author":[{"embeddable":true,"href":"https:\/\/unsr.albertbarume.org\/site\/es\/index.php?rest_route=\/wp\/v2\/users\/1"}],"replies":[{"embeddable":true,"href":"https:\/\/unsr.albertbarume.org\/site\/es\/index.php?rest_route=%2Fwp%2Fv2%2Fcomments&post=199"}],"version-history":[{"count":1,"href":"https:\/\/unsr.albertbarume.org\/site\/es\/index.php?rest_route=\/wp\/v2\/posts\/199\/revisions"}],"predecessor-version":[{"id":200,"href":"https:\/\/unsr.albertbarume.org\/site\/es\/index.php?rest_route=\/wp\/v2\/posts\/199\/revisions\/200"}],"wp:featuredmedia":[{"embeddable":true,"href":"https:\/\/unsr.albertbarume.org\/site\/es\/index.php?rest_route=\/wp\/v2\/media\/329"}],"wp:attachment":[{"href":"https:\/\/unsr.albertbarume.org\/site\/es\/index.php?rest_route=%2Fwp%2Fv2%2Fmedia&parent=199"}],"wp:term":[{"taxonomy":"category","embeddable":true,"href":"https:\/\/unsr.albertbarume.org\/site\/es\/index.php?rest_route=%2Fwp%2Fv2%2Fcategories&post=199"},{"taxonomy":"post_tag","embeddable":true,"href":"https:\/\/unsr.albertbarume.org\/site\/es\/index.php?rest_route=%2Fwp%2Fv2%2Ftags&post=199"}],"curies":[{"name":"wp","href":"https:\/\/api.w.org\/{rel}","templated":true}]}}