{"id":1520,"date":"2024-07-16T01:53:02","date_gmt":"2024-07-16T01:53:02","guid":{"rendered":"https:\/\/unsr.albertbarume.org\/site\/2024\/07\/16\/2024-peuples-autochtones-mobiles-a-79-160\/"},"modified":"2025-05-04T01:16:18","modified_gmt":"2025-05-04T01:16:18","slug":"2024-peuples-autochtones-mobiles-a-79-160","status":"publish","type":"post","link":"https:\/\/unsr.albertbarume.org\/site\/fr?p=1520","title":{"rendered":"2024 Peuples autochtones mobiles A\/79\/160"},"content":{"rendered":"<p>Dans le pr\u00e9sent rapport, \u00e9labor\u00e9 conform\u00e9ment \u00e0 la r\u00e9solution 51\/16 du Conseil des droits de l&rsquo;homme, le Rapporteur sp\u00e9cial sur les droits des peuples autochtones, Jos\u00e9 Francisco Cal\u00ed Tzay, examine la situation des peuples autochtones mobiles, abordant les d\u00e9fis auxquels ils sont confront\u00e9s en mati\u00e8re de reconnaissance juridique, de droits fonciers et de mobilit\u00e9, y compris les mouvements transfrontaliers, ainsi que les d\u00e9fis caus\u00e9s par l&rsquo;impact des conflits arm\u00e9s, et consid\u00e8re \u00e9galement la situation unique des peuples autochtones vivant en isolement volontaire et en contact initial.<\/p>\n<div class=\"ead-preview\"><div class=\"ead-document\" style=\"position: relative;\"><div class=\"ead-iframe-wrapper\"><iframe src=\"\/\/docs.google.com\/viewer?url=https%3A%2F%2Funsr.albertbarume.org%2Fsite%2Fwp-content%2Fuploads%2F2024%2F04%2F2024-A-79-160-EN.pdf&amp;embedded=true&amp;hl=en\" title=\"Document embarqu\u00e9\" class=\"ead-iframe\" style=\"width: 100%;height: 800px;border: none;visibility: hidden;\"><\/iframe><\/div>\t\t\t<div class=\"ead-document-loading\" style=\"width:100%;height:100%;position:absolute;left:0;top:0;z-index:10;\">\n\t\t\t\t<div class=\"ead-loading-wrap\">\n\t\t\t\t\t<div class=\"ead-loading-main\">\n\t\t\t\t\t\t<div class=\"ead-loading\">\n\t\t\t\t\t\t\t<img loading=\"lazy\" decoding=\"async\" src=\"https:\/\/unsr.albertbarume.org\/site\/wp-content\/plugins\/embed-any-document\/images\/loading.svg\" width=\"55\" height=\"55\" alt=\"Chargeur\">\n\t\t\t\t\t\t\t<span>En cours de chargement&hellip;<\/span>\n\t\t\t\t\t\t<\/div>\n\t\t\t\t\t<\/div>\n\t\t\t\t\t<div class=\"ead-loading-foot\">\n\t\t\t\t\t\t<div class=\"ead-loading-foot-title\">\n\t\t\t\t\t\t\t<img loading=\"lazy\" decoding=\"async\" src=\"https:\/\/unsr.albertbarume.org\/site\/wp-content\/plugins\/embed-any-document\/images\/EAD-logo.svg\" alt=\"Logo EAD\" width=\"36\" height=\"23\"\/>\n\t\t\t\t\t\t\t<span>Cela prend trop de temps\u00a0?<\/span>\n\t\t\t\t\t\t<\/div>\n\t\t\t\t\t\t<p>\n\t\t\t\t\t\t\t<div class=\"ead-document-btn ead-reload-btn\" role=\"button\">\n\t\t\t\t\t\t\t\t<img loading=\"lazy\" decoding=\"async\" src=\"https:\/\/unsr.albertbarume.org\/site\/wp-content\/plugins\/embed-any-document\/images\/reload.svg\" alt=\"Recharger\" width=\"12\" height=\"12\"\/> Recharger le document\t\t\t\t\t\t\t<\/div>\n\t\t\t\t\t\t\t<span>|<\/span>\n\t\t\t\t\t\t\t<a href=\"https:\/\/unsr.albertbarume.org\/site\/wp-content\/uploads\/2024\/04\/2024-A-79-160-EN.pdf\" class=\"ead-document-btn\" target=\"_blank\">\n\t\t\t\t\t\t\t\t<img loading=\"lazy\" decoding=\"async\" src=\"https:\/\/unsr.albertbarume.org\/site\/wp-content\/plugins\/embed-any-document\/images\/open.svg\" alt=\"Ouvert\" width=\"12\" height=\"12\"\/> Ouvrir dans un nouvel onglet\t\t\t\t\t\t\t<\/a>\n\t\t\t\t\t<\/div>\n\t\t\t\t<\/div>\n\t\t\t<\/div>\n\t\t<\/div><\/div>\n<p>PDF :<\/p>\n<table style=\"border-collapse: collapse; width: 100%;\">\n<tbody>\n<tr>\n<td style=\"width: 16.6667%;\"><a href=\"https:\/\/unsr.albertbarume.org\/site\/wp-content\/uploads\/2024\/04\/2024-A-79-160-AR.pdf\" target=\"_blank\" rel=\"noopener noreferrer\">Arabe<\/a><\/td>\n<td style=\"width: 16.6667%;\"><a href=\"https:\/\/unsr.albertbarume.org\/site\/wp-content\/uploads\/2024\/04\/2024-A-79-160-CH.pdf\" target=\"_blank\" rel=\"noopener noreferrer\">Chinois<\/a><\/td>\n<td style=\"width: 16.6667%;\"><a href=\"https:\/\/unsr.albertbarume.org\/site\/wp-content\/uploads\/2024\/04\/2024-A-79-160-EN.pdf\" target=\"_blank\" rel=\"noopener noreferrer\">Anglais<\/a><\/td>\n<td style=\"width: 16.6667%;\"><a href=\"https:\/\/unsr.albertbarume.org\/site\/wp-content\/uploads\/2024\/04\/2024-A-79-160-FR.pdf\" target=\"_blank\" rel=\"noopener noreferrer\">Fran\u00e7ais<\/a><\/td>\n<td style=\"width: 16.6667%;\"><a href=\"https:\/\/unsr.albertbarume.org\/site\/wp-content\/uploads\/2024\/04\/2024-A-79-160-RU.pdf\" target=\"_blank\" rel=\"noopener noreferrer\">Russe<\/a><\/td>\n<td style=\"width: 16.6667%;\"><a href=\"https:\/\/unsr.albertbarume.org\/site\/wp-content\/uploads\/2024\/04\/2024-A-79-160-SP.pdf\" target=\"_blank\" rel=\"noopener noreferrer\">Espagnol<\/a><\/td>\n<\/tr>\n<\/tbody>\n<\/table>\n","protected":false},"excerpt":{"rendered":"<p>Dans le pr\u00e9sent rapport, \u00e9labor\u00e9 conform\u00e9ment \u00e0 la r\u00e9solution 51\/16 du Conseil des droits de l&rsquo;homme, le Rapporteur sp\u00e9cial sur les droits des peuples autochtones, Jos\u00e9 Francisco Cal\u00ed Tzay, examine la situation des peuples autochtones mobiles, abordant les d\u00e9fis auxquels ils sont confront\u00e9s en mati\u00e8re de reconnaissance juridique, de droits fonciers et de mobilit\u00e9, y\u2026 <span class=\"read-more\"><a href=\"https:\/\/unsr.albertbarume.org\/site\/fr?p=1520\">En savoir plus &raquo;<\/a><\/span><\/p>\n","protected":false},"author":1,"featured_media":0,"comment_status":"closed","ping_status":"closed","sticky":false,"template":"","format":"standard","meta":{"footnotes":""},"categories":[122],"tags":[133,132],"class_list":["post-1520","post","type-post","status-publish","format-standard","hentry","category-rapports-annuels","tag-isolement-volontaire","tag-peuples-autochtones-mobiles"],"_links":{"self":[{"href":"https:\/\/unsr.albertbarume.org\/site\/fr\/index.php?rest_route=\/wp\/v2\/posts\/1520","targetHints":{"allow":["GET"]}}],"collection":[{"href":"https:\/\/unsr.albertbarume.org\/site\/fr\/index.php?rest_route=\/wp\/v2\/posts"}],"about":[{"href":"https:\/\/unsr.albertbarume.org\/site\/fr\/index.php?rest_route=\/wp\/v2\/types\/post"}],"author":[{"embeddable":true,"href":"https:\/\/unsr.albertbarume.org\/site\/fr\/index.php?rest_route=\/wp\/v2\/users\/1"}],"replies":[{"embeddable":true,"href":"https:\/\/unsr.albertbarume.org\/site\/fr\/index.php?rest_route=%2Fwp%2Fv2%2Fcomments&post=1520"}],"version-history":[{"count":1,"href":"https:\/\/unsr.albertbarume.org\/site\/fr\/index.php?rest_route=\/wp\/v2\/posts\/1520\/revisions"}],"predecessor-version":[{"id":1521,"href":"https:\/\/unsr.albertbarume.org\/site\/fr\/index.php?rest_route=\/wp\/v2\/posts\/1520\/revisions\/1521"}],"wp:attachment":[{"href":"https:\/\/unsr.albertbarume.org\/site\/fr\/index.php?rest_route=%2Fwp%2Fv2%2Fmedia&parent=1520"}],"wp:term":[{"taxonomy":"category","embeddable":true,"href":"https:\/\/unsr.albertbarume.org\/site\/fr\/index.php?rest_route=%2Fwp%2Fv2%2Fcategories&post=1520"},{"taxonomy":"post_tag","embeddable":true,"href":"https:\/\/unsr.albertbarume.org\/site\/fr\/index.php?rest_route=%2Fwp%2Fv2%2Ftags&post=1520"}],"curies":[{"name":"wp","href":"https:\/\/api.w.org\/{rel}","templated":true}]}}