{"id":4436,"date":"2025-06-11T04:04:57","date_gmt":"2025-06-11T04:04:57","guid":{"rendered":"https:\/\/unsr.albertbarume.org\/site?p=4436"},"modified":"2025-06-12T06:04:07","modified_gmt":"2025-06-12T06:04:07","slug":"le-bresil-doit-abandonner-une-fois-pour-toutes-la-doctrine-du-marco-temporal-declare-un-expert-de-lonu","status":"publish","type":"post","link":"https:\/\/unsr.albertbarume.org\/site\/fr?p=4436","title":{"rendered":"Le Br\u00e9sil doit abandonner une fois pour toutes la doctrine du \u00abMarco Temporal\u00bb, d\u00e9clare un expert de l&rsquo;ONU"},"content":{"rendered":"<p><img loading=\"lazy\" decoding=\"async\" class=\" wp-image-328 alignleft\" src=\"https:\/\/unsr.albertbarume.org\/site\/wp-content\/uploads\/2025\/02\/ohchr-un.png\" alt=\"\" width=\"180\" height=\"142\" srcset=\"https:\/\/unsr.albertbarume.org\/site\/wp-content\/uploads\/2025\/02\/ohchr-un.png 321w, https:\/\/unsr.albertbarume.org\/site\/wp-content\/uploads\/2025\/02\/ohchr-un-300x236.png 300w\" sizes=\"auto, (max-width: 180px) 100vw, 180px\" \/>GEN\u00c8VE \u2013 Un expert de l&rsquo;ONU a exprim\u00e9 aujourd&rsquo;hui sa profonde inqui\u00e9tude face \u00e0 l&rsquo;utilisation continue par le Br\u00e9sil de l&rsquo;interpr\u00e9tation juridique controvers\u00e9e du \u00ab Marco Temporal \u00bb pour r\u00e9voquer le fondement juridique de la d\u00e9limitation des terres autochtones et annuler la d\u00e9limitation des territoires autochtones \u00e0 Santa Catarina.<\/p>\n<p>\u00ab<em> Cette mesure l\u00e9gislative renforce la doctrine discr\u00e9dit\u00e9e du \u00ab Marco Temporal \u00bb, qui limite les droits fonciers des peuples autochtones aux territoires occup\u00e9s physiquement et de mani\u00e8re permanente au 5 octobre 1988, date de la Constitution actuelle du Br\u00e9sil \u00bb,<\/em> a d\u00e9clar\u00e9 Albert Kwokwo Barume, rapporteur sp\u00e9cial sur les droits des peuples autochtones.<\/p>\n<p>Le S\u00e9nat br\u00e9silien a approuv\u00e9 le d\u00e9cret l\u00e9gislatif n\u00b0 717\/2024, qui vise \u00e0 r\u00e9voquer le fondement juridique de la d\u00e9limitation des terres autochtones et \u00e0 annuler la d\u00e9limitation des territoires autochtones de Toldo Imbu et Morro dos Cavalos \u00e0 Santa Catarina. Le projet de loi est d\u00e9sormais examin\u00e9 par la Chambre des d\u00e9put\u00e9s.<\/p>\n<p><em>\u00ab Il s&rsquo;agit d&rsquo;une mesure profond\u00e9ment r\u00e9gressive qui porte atteinte aux droits des peuples autochtones, \u00e0 la protection de l&rsquo;environnement et \u00e0 l&rsquo;action climatique. J&rsquo;exhorte les l\u00e9gislateurs \u00e0 ne pas approuver ce projet de loi \u00bb<\/em>, a d\u00e9clar\u00e9 l&rsquo;expert.<\/p>\n<p>La Cour supr\u00eame f\u00e9d\u00e9rale du Br\u00e9sil a d\u00e9j\u00e0 d\u00e9clar\u00e9 la th\u00e8se Marco Temporal inconstitutionnelle. Malgr\u00e9 cela, le d\u00e9cret propos\u00e9 menace d&rsquo;entraver le travail de la Funda\u00e7\u00e3o Nacional dos Povos Ind\u00edgenas (FUNAI), qui joue un r\u00f4le essentiel dans la d\u00e9limitation des terres autochtones.<\/p>\n<p><em>\u00ab C&rsquo;est la quatri\u00e8me fois en quatre ans que le Rapporteur sp\u00e9cial sur les droits des peuples autochtones tire la sonnette d&rsquo;alarme sur cette question \u00bb<\/em>, a d\u00e9clar\u00e9 M. Barume, rappelant les d\u00e9clarations publi\u00e9es en 2021, 2023 et 2024.<em> \u00ab Elle a \u00e9galement fait l&rsquo;objet de communications officielles avec le gouvernement br\u00e9silien et devrait \u00eatre une source de grave pr\u00e9occupation pour la communaut\u00e9 internationale. \u00bb<\/em><\/p>\n<p>La Commission interam\u00e9ricaine des droits de l&rsquo;homme a \u00e9galement \u00e9mis des avertissements contre la th\u00e8se du Marco Temporal, qui viole des trait\u00e9s internationaux tels que la Convention 169 de l&rsquo;OIT et contredit la jurisprudence de la Cour interam\u00e9ricaine des droits de l&rsquo;homme.<\/p>\n<p><em>\u00abLe Marco Temporal non seulement sape la s\u00e9curit\u00e9 juridique et les droits fonciers des peuples autochtones, mais il alimente \u00e9galement la violence rurale et la d\u00e9gradation de l&rsquo;environnement \u00bb<\/em>, a d\u00e9clar\u00e9 M. Barume. <em>\u00ab Il menace la s\u00e9curit\u00e9, la sant\u00e9 et les pratiques culturelles des peuples autochtones, contribuant \u00e0 un processus lent et douloureux qui pourrait conduire \u00e0 leur extermination. \u00bb<\/em><\/p>\n<p><em>\u00ab J&rsquo;exhorte le Br\u00e9sil \u00e0 abandonner d\u00e9finitivement le Marco Temporal. Comme l&rsquo;a d\u00e9clar\u00e9 le secr\u00e9taire g\u00e9n\u00e9ral des Nations unies, Ant\u00f3nio Guterres, les droits des peuples autochtones ne sont pas n\u00e9gociables.\u00bb<\/em><\/p>\n<hr \/>\n<p><span style=\"font-size: 10pt; color: #808080;\">*L&rsquo;expert : Albert K. Barume est le rapporteur sp\u00e9cial sur les droits des peuples autochtones.<\/span><\/p>\n<p><span style=\"font-size: 10pt; color: #808080;\">Les rapporteurs sp\u00e9ciaux, experts ind\u00e9pendants et groupes de travail sont des experts ind\u00e9pendants en mati\u00e8re de droits humains nomm\u00e9s par le Conseil des droits de l&rsquo;homme des Nations unies. Ensemble, ces experts sont appel\u00e9s les proc\u00e9dures sp\u00e9ciales du Conseil des droits de l&rsquo;homme. Les experts des proc\u00e9dures sp\u00e9ciales travaillent \u00e0 titre b\u00e9n\u00e9vole ; ils ne font pas partie du personnel des Nations unies et ne per\u00e7oivent pas de salaire pour leur travail. Si le Haut-Commissariat des Nations unies aux droits de l&rsquo;homme fait office de secr\u00e9tariat pour les proc\u00e9dures sp\u00e9ciales, les experts agissent \u00e0 titre individuel et sont ind\u00e9pendants de tout gouvernement ou organisation, y compris le HCDH et les Nations unies. Les points de vue et opinions exprim\u00e9s sont ceux de l&rsquo;auteur et ne refl\u00e8tent pas n\u00e9cessairement ceux des Nations unies ou du HCDH.<\/span><\/p>\n<p><span style=\"font-size: 10pt; color: #808080;\">Les observations et recommandations sp\u00e9cifiques \u00e0 chaque pays formul\u00e9es par les m\u00e9canismes des droits de l&rsquo;homme des Nations Unies, y compris les proc\u00e9dures sp\u00e9ciales, les organes conventionnels et l&rsquo;Examen p\u00e9riodique universel, sont disponibles sur l&rsquo;Index universel des droits de l&rsquo;homme https:\/\/uhri.ohchr.org\/en\/<\/span><\/p>\n<p><span style=\"font-size: 10pt; color: #808080;\">Page pays des Nations Unies sur les droits de l&rsquo;homme \u2013 https:\/\/www.ohchr.org\/en\/countries\/brazil<\/span><\/p>\n<p><span style=\"font-size: 10pt; color: #808080;\">Pour toute question ou demande des m\u00e9dias, veuillez contacter : hrc-sr-indigenous@un.org<\/span><\/p>\n<p><span style=\"font-size: 10pt; color: #808080;\">Pour les demandes des m\u00e9dias concernant d&rsquo;autres experts ind\u00e9pendants des Nations Unies, veuillez contacter Maya Derouaz (maya.derouaz@un.org) ou Dharisha Indraguptha (dharisha.indraguptha@un.org)<\/span><\/p>\n<p><span style=\"font-size: 10pt; color: #808080;\">Suivez l&rsquo;actualit\u00e9 des experts ind\u00e9pendants des Nations Unies en mati\u00e8re de droits de l&rsquo;homme sur X : @UN_SPExperts.<\/span><\/p>\n<p><strong>Vers\u00e3o portuguesa (PDF)<\/strong><\/p>\n<div class=\"ead-preview\"><div class=\"ead-document\" style=\"position: relative;width: 100%;height: 800px;border: none;\" data-pdf-src=\"https:\/\/unsr.albertbarume.org\/site\/wp-content\/uploads\/2025\/06\/Brasil-marco-temporal-11-06-2025.pdf\" data-viewer=\"browser\"><div class=\"ead-iframe-wrapper\"><iframe src=\"\/\/docs.google.com\/viewer?url=https%3A%2F%2Funsr.albertbarume.org%2Fsite%2Fwp-content%2Fuploads%2F2025%2F06%2FBrasil-marco-temporal-11-06-2025.pdf&amp;embedded=true&amp;hl=en\" title=\"Document embarqu\u00e9\" class=\"ead-iframe\" style=\"width: 100%;height: 800px;border: none;visibility: hidden;\"><\/iframe><\/div>\t\t\t<div class=\"ead-document-loading\" style=\"width:100%;height:100%;position:absolute;left:0;top:0;z-index:10;\">\n\t\t\t\t<div class=\"ead-loading-wrap\">\n\t\t\t\t\t<div class=\"ead-loading-main\">\n\t\t\t\t\t\t<div class=\"ead-loading\">\n\t\t\t\t\t\t\t<img loading=\"lazy\" decoding=\"async\" src=\"https:\/\/unsr.albertbarume.org\/site\/wp-content\/plugins\/embed-any-document\/images\/loading.svg\" width=\"55\" height=\"55\" alt=\"Chargeur\">\n\t\t\t\t\t\t\t<span>En cours de chargement&hellip;<\/span>\n\t\t\t\t\t\t<\/div>\n\t\t\t\t\t<\/div>\n\t\t\t\t\t<div class=\"ead-loading-foot\">\n\t\t\t\t\t\t<div class=\"ead-loading-foot-title\">\n\t\t\t\t\t\t\t<img loading=\"lazy\" decoding=\"async\" src=\"https:\/\/unsr.albertbarume.org\/site\/wp-content\/plugins\/embed-any-document\/images\/EAD-logo.svg\" alt=\"Logo EAD\" width=\"36\" height=\"23\"\/>\n\t\t\t\t\t\t\t<span>Cela prend trop de temps\u00a0?<\/span>\n\t\t\t\t\t\t<\/div>\n\t\t\t\t\t\t<p>\n\t\t\t\t\t\t\t<div class=\"ead-document-btn ead-reload-btn\" role=\"button\">\n\t\t\t\t\t\t\t\t<img loading=\"lazy\" decoding=\"async\" src=\"https:\/\/unsr.albertbarume.org\/site\/wp-content\/plugins\/embed-any-document\/images\/reload.svg\" alt=\"Recharger\" width=\"12\" height=\"12\"\/> Recharger le document\t\t\t\t\t\t\t<\/div>\n\t\t\t\t\t\t\t<span>|<\/span>\n\t\t\t\t\t\t\t<a href=\"#\" class=\"ead-document-btn\" target=\"_blank\">\n\t\t\t\t\t\t\t\t<img loading=\"lazy\" decoding=\"async\" src=\"https:\/\/unsr.albertbarume.org\/site\/wp-content\/plugins\/embed-any-document\/images\/open.svg\" alt=\"Ouvert\" width=\"12\" height=\"12\"\/> Ouvrir dans un nouvel onglet\t\t\t\t\t\t\t<\/a>\n\t\t\t\t\t<\/div>\n\t\t\t\t<\/div>\n\t\t\t<\/div>\n\t\t<\/div><p class=\"embed_download\"><a href=\"https:\/\/unsr.albertbarume.org\/site\/wp-content\/uploads\/2025\/06\/Brasil-marco-temporal-11-06-2025.pdf\" download>Download [98.30 KB] <\/a><\/p><\/div>\n","protected":false},"excerpt":{"rendered":"<p>GEN\u00c8VE \u2013 Un expert de l&rsquo;ONU a exprim\u00e9 aujourd&rsquo;hui sa profonde inqui\u00e9tude face \u00e0 l&rsquo;utilisation continue par le Br\u00e9sil de l&rsquo;interpr\u00e9tation juridique controvers\u00e9e du \u00ab Marco Temporal \u00bb pour r\u00e9voquer le fondement juridique de la d\u00e9limitation des terres autochtones et annuler la d\u00e9limitation des territoires autochtones \u00e0 Santa Catarina. \u00ab Cette mesure l\u00e9gislative renforce la\u2026 <span class=\"read-more\"><a href=\"https:\/\/unsr.albertbarume.org\/site\/fr?p=4436\">En savoir plus &raquo;<\/a><\/span><\/p>\n","protected":false},"author":1,"featured_media":4423,"comment_status":"closed","ping_status":"closed","sticky":false,"template":"","format":"standard","meta":{"footnotes":""},"categories":[20],"tags":[284,71],"class_list":["post-4436","post","type-post","status-publish","format-standard","has-post-thumbnail","hentry","category-press-releases-fr","tag-bresil","tag-droits-fonciers"],"_links":{"self":[{"href":"https:\/\/unsr.albertbarume.org\/site\/fr\/index.php?rest_route=\/wp\/v2\/posts\/4436","targetHints":{"allow":["GET"]}}],"collection":[{"href":"https:\/\/unsr.albertbarume.org\/site\/fr\/index.php?rest_route=\/wp\/v2\/posts"}],"about":[{"href":"https:\/\/unsr.albertbarume.org\/site\/fr\/index.php?rest_route=\/wp\/v2\/types\/post"}],"author":[{"embeddable":true,"href":"https:\/\/unsr.albertbarume.org\/site\/fr\/index.php?rest_route=\/wp\/v2\/users\/1"}],"replies":[{"embeddable":true,"href":"https:\/\/unsr.albertbarume.org\/site\/fr\/index.php?rest_route=%2Fwp%2Fv2%2Fcomments&post=4436"}],"version-history":[{"count":4,"href":"https:\/\/unsr.albertbarume.org\/site\/fr\/index.php?rest_route=\/wp\/v2\/posts\/4436\/revisions"}],"predecessor-version":[{"id":4451,"href":"https:\/\/unsr.albertbarume.org\/site\/fr\/index.php?rest_route=\/wp\/v2\/posts\/4436\/revisions\/4451"}],"wp:featuredmedia":[{"embeddable":true,"href":"https:\/\/unsr.albertbarume.org\/site\/fr\/index.php?rest_route=\/wp\/v2\/media\/4423"}],"wp:attachment":[{"href":"https:\/\/unsr.albertbarume.org\/site\/fr\/index.php?rest_route=%2Fwp%2Fv2%2Fmedia&parent=4436"}],"wp:term":[{"taxonomy":"category","embeddable":true,"href":"https:\/\/unsr.albertbarume.org\/site\/fr\/index.php?rest_route=%2Fwp%2Fv2%2Fcategories&post=4436"},{"taxonomy":"post_tag","embeddable":true,"href":"https:\/\/unsr.albertbarume.org\/site\/fr\/index.php?rest_route=%2Fwp%2Fv2%2Ftags&post=4436"}],"curies":[{"name":"wp","href":"https:\/\/api.w.org\/{rel}","templated":true}]}}