{"id":4854,"date":"2025-12-09T03:54:10","date_gmt":"2025-12-09T02:54:10","guid":{"rendered":"https:\/\/unsr.albertbarume.org\/site?p=4854"},"modified":"2025-12-09T03:54:10","modified_gmt":"2025-12-09T02:54:10","slug":"les-experts-de-lonu-appellent-a-la-sauvegarde-du-systeme-des-procedures-speciales-pilier-indispensable-de-la-protection-des-droits-de-lhomme","status":"publish","type":"post","link":"https:\/\/unsr.albertbarume.org\/site\/fr?p=4854","title":{"rendered":"Les experts de l&rsquo;ONU appellent \u00e0 la sauvegarde du syst\u00e8me des proc\u00e9dures sp\u00e9ciales, \u00ab\u00a0pilier indispensable\u00a0\u00bb de la protection des droits de l&rsquo;homme"},"content":{"rendered":"<div class=\"node-news__body\">\n<div class=\"wysiwyg-content field field--name-body field--type-text-with-summary field--label-hidden field__item\">\n<p><strong><img loading=\"lazy\" decoding=\"async\" class=\"wp-image-4823 alignleft\" src=\"https:\/\/unsr.albertbarume.org\/site\/wp-content\/uploads\/2026\/01\/logo-sp-en-1.jpeg\" alt=\"\" width=\"170\" height=\"166\" srcset=\"https:\/\/unsr.albertbarume.org\/site\/wp-content\/uploads\/2026\/01\/logo-sp-en-1.jpeg 350w, https:\/\/unsr.albertbarume.org\/site\/wp-content\/uploads\/2026\/01\/logo-sp-en-1-300x294.jpeg 300w\" sizes=\"auto, (max-width: 170px) 100vw, 170px\" \/>GEN\u00c8VE<\/strong> &#8211; Face \u00e0 la mont\u00e9e de l&rsquo;autoritarisme, \u00e0 l&rsquo;aggravation de la polarisation, \u00e0 l&rsquo;intol\u00e9rance croissante et aux pressions de plus en plus fortes qui p\u00e8sent sur le syst\u00e8me multilat\u00e9ral, la Journ\u00e9e des droits de l&rsquo;homme est un moment essentiel pour r\u00e9affirmer notre engagement commun en faveur des droits de l&rsquo;homme universels, ont d\u00e9clar\u00e9 aujourd&rsquo;hui des experts des Nations unies*. Ils ont publi\u00e9 une <a title=\"20251209-stm-sps-en.pdf\" href=\"https:\/\/www.ohchr.org\/sites\/default\/files\/statements\/20251209-stm-sps-en.pdf\" data-entity-type=\"file\" data-entity-uuid=\"930ccac5-7984-473a-a733-190a0ba7e61e\" data-entity-substitution=\"file\">d\u00e9claration commune<\/a> dans laquelle ils renouvellent leur attachement ind\u00e9fectible \u00e0 la D\u00e9claration universelle des droits de l&rsquo;homme et soulignent le besoin urgent d&rsquo;un syst\u00e8me des droits de l&rsquo;homme fort, ind\u00e9pendant et dot\u00e9 de ressources suffisantes, capable de pr\u00e9server la dignit\u00e9, la justice et l&rsquo;\u00e9galit\u00e9 pour tous. <\/p>\n<p>Nous nous engageons \u00e0 nouveau \u00e0 pr\u00e9server notre ind\u00e9pendance en tant que m\u00e9canisme de protection des droits de l&rsquo;homme et \u00e0 r\u00e9pondre aux appels et aux attentes des victimes, des survivants et de tous ceux qui sont dans le besoin\u00a0\u00bb, a d\u00e9clar\u00e9 le commissaire europ\u00e9en \u00e0 la protection des droits de l&rsquo;homme, M. Peter K. K., \u00e0 l&rsquo;occasion d&rsquo;une conf\u00e9rence de presse qui s&rsquo;est tenue \u00e0 Bruxelles.<\/p>\n<p>Nous continuerons d&rsquo;appeler \u00e0 la pleine mise en \u0153uvre des normes en mati\u00e8re de droits de l&rsquo;homme et de fournir des conseils techniques sp\u00e9cialis\u00e9s, en fondant notre travail sur les principes du droit international en mati\u00e8re de droits de l&rsquo;homme.<\/p>\n<p>Nous nous effor\u00e7ons de continuer \u00e0 promouvoir un changement positif dans la vie des gens en nous acquittant de nos mandats de pr\u00e9vention et de protection.<\/p>\n<p>Nous resterons in\u00e9branlables dans notre plaidoyer en faveur d&rsquo;une plus grande protection des droits de l&rsquo;homme, de l&rsquo;\u00c9tat de droit et des processus d\u00e9mocratiques dans le monde entier. Nous continuerons \u00e0 proclamer les v\u00e9rit\u00e9s qui d\u00e9rangent. <\/p>\n<p>Au fil des d\u00e9cennies, les dirigeants des Nations unies ont affirm\u00e9 \u00e0 maintes reprises l&rsquo;importance et le pouvoir du syst\u00e8me. En 2006, le secr\u00e9taire g\u00e9n\u00e9ral Kofi Annan a qualifi\u00e9 les proc\u00e9dures sp\u00e9ciales de \u00ab\u00a0<a href=\"https:\/\/news.un.org\/en\/story\/2006\/11\/201202\">joyau de la couronne<\/a>\u00a0\u00bb du syst\u00e8me international des droits de l&rsquo;homme. Son successeur, le secr\u00e9taire g\u00e9n\u00e9ral Ban Ki-moon, a d\u00e9crit les experts des proc\u00e9dures sp\u00e9ciales comme les <a href=\"https:\/\/press.un.org\/en\/2011\/sgsm13366.doc.htm\">\u00ab\u00a0yeux et les oreilles\u00a0\u00bb<\/a> indispensables du Conseil, essentiels pour d\u00e9noncer les violations, et a insist\u00e9 sur le fait qu&rsquo;ils devaient \u00eatre autoris\u00e9s \u00e0 travailler sans entrave. L&rsquo;ancien Haut Commissaire aux droits de l&rsquo;homme, Louise Arbour, <a title=\"LA COMMISSION DES DROITS DE L'HOMME CONCLUT SA SOIXANTE-DEUXI\u00c8ME ET DERNI\u00c8RE SESSION \" href=\"https:\/\/www.ohchr.org\/en\/press-releases\/2009\/10\/commission-human-rights-concludes-its-sixty-second-and-last-session\" data-entity-type=\"node\" data-entity-uuid=\"a05e7260-8076-47ac-b4de-fba418dcca1c\" data-entity-substitution=\"canonical\">a d\u00e9crit les<\/a> proc\u00e9dures sp\u00e9ciales comme les d\u00e9fenseurs des droits de l&rsquo;homme en premi\u00e8re ligne de l&rsquo;ONU &#8211; le m\u00e9canisme d&rsquo;alerte pr\u00e9coce et de protection du syst\u00e8me en action.   <\/p>\n<p>Ce m\u00e9canisme est devenu un syst\u00e8me dynamique, avec des experts ind\u00e9pendants engag\u00e9s qui travaillent b\u00e9n\u00e9volement sur un large \u00e9ventail de situations th\u00e9matiques et nationales. Les titulaires de mandat au titre des proc\u00e9dures sp\u00e9ciales se sont acquitt\u00e9s de leurs t\u00e2ches avec courage, impartialit\u00e9 et un d\u00e9vouement in\u00e9branlable &#8211; souvent au prix de lourdes pertes personnelles &#8211; \u00e0 une \u00e9poque o\u00f9 de nombreuses voix en faveur des droits de l&rsquo;homme sont intimid\u00e9es et r\u00e9duites au silence. Leur impact s&rsquo;est fait sentir malgr\u00e9 des capacit\u00e9s et des ressources tr\u00e8s limit\u00e9es.  <\/p>\n<p>Alors que les Nations unies et le Conseil des droits de l&rsquo;homme traversent des moments critiques de r\u00e9forme et de r\u00e9flexion, nous insistons sur le fait que ces processus doivent cr\u00e9er davantage, et non moins, d&rsquo;espaces de dialogue. La protection des droits de l&rsquo;homme est indispensable \u00e0 la paix, \u00e0 la s\u00e9curit\u00e9 et au d\u00e9veloppement durable. <\/p>\n<p>Nous appelons les \u00c9tats membres \u00e0 r\u00e9sister \u00e0 toutes les tentatives de dilution ou de mise \u00e0 l&rsquo;\u00e9cart du syst\u00e8me des proc\u00e9dures sp\u00e9ciales du Conseil des droits de l&rsquo;homme. Les \u00c9tats et tous les acteurs concern\u00e9s doivent agir maintenant pour prot\u00e9ger et renforcer les proc\u00e9dures sp\u00e9ciales en tant que pilier indispensable pour faire entendre les pr\u00e9occupations en mati\u00e8re de droits de l&rsquo;homme. En tant que voix ind\u00e9pendantes, nous sommes en mesure de d\u00e9fendre tous les droits de l&rsquo;homme, partout, m\u00eame face aux attaques personnelles, aux menaces et aux sanctions.  <\/p>\n<p>En cette journ\u00e9e des droits de l&rsquo;homme, nous promettons aux victimes du monde entier que nous resterons vos voix et vos d\u00e9fenseurs, m\u00eame lorsqu&rsquo;il semblera que le monde s&rsquo;est d\u00e9tourn\u00e9 d&rsquo;elles\u00a0\u00bb.<\/p>\n<\/div>\n<\/div>\n<div class=\"node-news__text-block\">\n<div class=\"field field--name-field-components-list field--type-entity-reference-revisions field--label-hidden field__items\">\n<div class=\"field__item\">\n<div class=\"paragraph-bg-color paragraph para-text container paragraph--type--text-component paragraph--view-mode--default\">\n<div class=\"para-text--description wysiwyg-content\">\n<p><strong>*Les experts :<\/strong><\/p>\n<ul type=\"disc\">\n<li><span style=\"font-size: 10pt; color: #808080;\">Cecilia M. Bailliet, <a style=\"color: #808080;\" href=\"https:\/\/www.ohchr.org\/en\/special-procedures\/ie-international-solidarity\">l&rsquo;experte ind\u00e9pendante sur les droits de l&rsquo;homme et la solidarit\u00e9 internationale<\/a><\/span><\/li>\n<li><span style=\"font-size: 10pt; color: #808080;\">Graeme Reid, <a style=\"color: #808080;\" href=\"https:\/\/www.ohchr.org\/en\/special-procedures\/ie-sexual-orientation-and-gender-identity\">expert ind\u00e9pendant sur la protection contre la violence et la discrimination fond\u00e9es sur l&rsquo;orientation sexuelle et l&rsquo;identit\u00e9 de genre<\/a><\/span><\/li>\n<li><span style=\"font-size: 10pt; color: #808080;\">Claudia Mahler, <a style=\"color: #808080;\" href=\"https:\/\/www.ohchr.org\/en\/special-procedures\/ie-older-persons\">l&rsquo;experte ind\u00e9pendante sur la jouissance de tous les droits de l&rsquo;homme par les personnes \u00e2g\u00e9es<\/a><\/span><\/li>\n<li><span style=\"font-size: 10pt; color: #808080;\">Muluka-Anne Miti-Drummond, <a style=\"color: #808080;\" href=\"https:\/\/www.ohchr.org\/en\/special-procedures\/ie-albinism\">l&rsquo;experte ind\u00e9pendante sur la jouissance des droits de l&rsquo;homme par les personnes atteintes d&rsquo;albinisme<\/a><\/span><\/li>\n<li><span style=\"font-size: 10pt; color: #808080;\">George Katrougalos, <a style=\"color: #808080;\" href=\"https:\/\/www.ohchr.org\/en\/special-procedures\/ie-international-order\">l&rsquo;expert ind\u00e9pendant sur la promotion d&rsquo;un ordre international d\u00e9mocratique et \u00e9quitable<\/a><\/span><\/li>\n<li><span style=\"font-size: 10pt; color: #808080;\">Yao Agbetse, <a style=\"color: #808080;\" href=\"https:\/\/www.ohchr.org\/en\/special-procedures\/ie-central-african-republic\">l&rsquo;expert ind\u00e9pendant sur la situation des droits de l&rsquo;homme en R\u00e9publique centrafricaine<\/a><\/span><\/li>\n<li><span style=\"font-size: 10pt; color: #808080;\">Eduardo Gonzalez, <a style=\"color: #808080;\" href=\"https:\/\/www.ohchr.org\/en\/special-procedures\/ie-mali\">l&rsquo;expert ind\u00e9pendant sur la situation des droits de l&rsquo;homme au Mali<\/a><\/span><\/li>\n<li><span style=\"font-size: 10pt; color: #808080;\">Alexandra Xanthaki, <a style=\"color: #808080;\" href=\"https:\/\/www.ohchr.org\/en\/special-procedures\/sr-cultural-rights\">rapporteur sp\u00e9cial dans le domaine des droits culturels<\/a><\/span><\/li>\n<li><span style=\"font-size: 10pt; color: #808080;\">Balakrishnan Rajagopal, <a style=\"color: #808080;\" href=\"https:\/\/www.ohchr.org\/en\/special-procedures\/sr-housing\">rapporteur sp\u00e9cial sur le logement convenable en tant qu&rsquo;\u00e9l\u00e9ment du droit \u00e0 un niveau de vie suffisant et sur le droit \u00e0 la non-discrimination dans ce contexte<\/a><\/span><\/li>\n<li><span style=\"font-size: 10pt; color: #808080;\">Ashwini K.P., <a style=\"color: #808080;\" href=\"https:\/\/www.ohchr.org\/en\/special-procedures\/sr-racism\">rapporteur sp\u00e9cial sur les formes contemporaines de racisme, de discrimination raciale, de x\u00e9nophobie et de l&rsquo;intol\u00e9rance qui y est associ\u00e9e<\/a><\/span><\/li>\n<li><span style=\"font-size: 10pt; color: #808080;\">Tomoya Obokata, <a style=\"color: #808080;\" href=\"https:\/\/www.ohchr.org\/en\/special-procedures\/sr-slavery\">rapporteur sp\u00e9cial sur les formes contemporaines d&rsquo;esclavage, y compris leurs causes et leurs cons\u00e9quences<\/a><\/span><\/li>\n<li><span style=\"font-size: 10pt; color: #808080;\">Morris Tidball-Binz, <a style=\"color: #808080;\" href=\"https:\/\/www.ohchr.org\/en\/special-procedures\/sr-executions\">rapporteur sp\u00e9cial sur les ex\u00e9cutions extrajudiciaires, sommaires ou arbitraires<\/a><\/span><\/li>\n<li><span style=\"font-size: 10pt; color: #808080;\">Olivier De Schutter, <a style=\"color: #808080;\" href=\"https:\/\/www.ohchr.org\/en\/special-procedures\/sr-poverty\">rapporteur sp\u00e9cial sur l&rsquo;extr\u00eame pauvret\u00e9 et les droits de l&rsquo;homme<\/a><\/span><\/li>\n<li><span style=\"font-size: 10pt; color: #808080;\">Nazila Ghanea, <a style=\"color: #808080;\" href=\"https:\/\/www.ohchr.org\/en\/special-procedures\/sr-religion-or-belief\">rapporteur sp\u00e9cial sur la libert\u00e9 de religion ou de conviction<\/a><\/span><\/li>\n<li><span style=\"font-size: 10pt; color: #808080;\">Nicolas Levrat, <a style=\"color: #808080;\" href=\"https:\/\/www.ohchr.org\/en\/special-procedures\/sr-minority-issues\">rapporteur sp\u00e9cial sur les questions relatives aux minorit\u00e9s<\/a><\/span><\/li>\n<li><span style=\"font-size: 10pt; color: #808080;\">Beatriz Miranda Galarza, <a style=\"color: #808080;\" href=\"https:\/\/www.ohchr.org\/en\/special-procedures\/sr-leprosy\">rapporteur sp\u00e9cial sur l&rsquo;\u00e9limination de la discrimination \u00e0 l&rsquo;encontre des personnes touch\u00e9es par la l\u00e8pre (maladie de Hansen) et des membres de leur famille<\/a><\/span><\/li>\n<li><span style=\"font-size: 10pt; color: #808080;\">Astrid Puentes Ria\u00f1o, <a style=\"color: #808080;\" href=\"https:\/\/www.ohchr.org\/en\/special-procedures\/sr-environment\">rapporteur sp\u00e9cial sur le droit de l&rsquo;homme \u00e0 un environnement propre, sain et durable<\/a><\/span><\/li>\n<li><span style=\"font-size: 10pt; color: #808080;\">Paula Gaviria, <a style=\"color: #808080;\" href=\"https:\/\/www.ohchr.org\/en\/special-procedures\/sr-internally-displaced-persons\">rapporteur sp\u00e9cial sur les droits de l&rsquo;homme des personnes d\u00e9plac\u00e9es \u00e0 l&rsquo;int\u00e9rieur de leur propre pays<\/a><\/span><\/li>\n<li><span style=\"font-size: 10pt; color: #808080;\">Gehad Madi, <a style=\"color: #808080;\" href=\"https:\/\/www.ohchr.org\/en\/special-procedures\/sr-migrants\">rapporteur sp\u00e9cial sur les droits de l&rsquo;homme des migrants<\/a><\/span><\/li>\n<li><span style=\"font-size: 10pt; color: #808080;\">Pedro Arrojo-Agudo, <a style=\"color: #808080;\" href=\"https:\/\/www.ohchr.org\/en\/special-procedures\/sr-water-and-sanitation\">rapporteur sp\u00e9cial sur les droits de l&rsquo;homme \u00e0 l&rsquo;eau potable et \u00e0 l&rsquo;assainissement<\/a><\/span><\/li>\n<li><span style=\"font-size: 10pt; color: #808080;\">Marcos A. Orellana, <a style=\"color: #808080;\" href=\"https:\/\/www.ohchr.org\/en\/special-procedures\/sr-toxics-and-human-rights\">rapporteur sp\u00e9cial sur les incidences sur les droits de l&rsquo;homme de la gestion et de l&rsquo;\u00e9limination \u00e9cologiquement rationnelles des substances et d\u00e9chets dangereux<\/a><\/span><\/li>\n<li><span style=\"font-size: 10pt; color: #808080;\">Margaret Satterthwaite, <a style=\"color: #808080;\" href=\"https:\/\/www.ohchr.org\/en\/special-procedures\/sr-independence-of-judges-and-lawyers\">rapporteur sp\u00e9cial sur l&rsquo;ind\u00e9pendance des juges et des avocats<\/a><\/span><\/li>\n<li><span style=\"font-size: 10pt; color: #808080;\">Ben Saul, <a style=\"color: #808080;\" href=\"https:\/\/www.ohchr.org\/en\/special-procedures\/sr-terrorism\">rapporteur sp\u00e9cial sur la promotion et la protection des droits de l&rsquo;homme et des libert\u00e9s fondamentales dans la lutte antiterroriste<\/a><\/span><\/li>\n<li><span style=\"font-size: 10pt; color: #808080;\">Elisa Morgera, <a style=\"color: #808080;\" href=\"https:\/\/www.ohchr.org\/en\/specialprocedures\/sr-climate-change\">rapporteur sp\u00e9cial sur la promotion et la protection des droits de l&rsquo;homme dans le contexte du changement climatique<\/a><\/span><\/li>\n<li><span style=\"font-size: 10pt; color: #808080;\">Irene Khan, <a style=\"color: #808080;\" href=\"https:\/\/www.ohchr.org\/en\/special-procedures\/sr-freedom-of-opinion-and-expression\">rapporteur sp\u00e9cial sur la promotion et la protection du droit \u00e0 la libert\u00e9 d&rsquo;opinion et d&rsquo;expression<\/a><\/span><\/li>\n<li><span style=\"font-size: 10pt; color: #808080;\">Bernard Duhaime, <a style=\"color: #808080;\" href=\"https:\/\/www.ohchr.org\/en\/special-procedures\/sr-truth-justice-reparation-and-non-recurrence\">rapporteur sp\u00e9cial sur la promotion de la v\u00e9rit\u00e9, de la justice, de la r\u00e9paration et des garanties de non-r\u00e9p\u00e9tition<\/a><\/span><\/li>\n<li><span style=\"font-size: 10pt; color: #808080;\">Tlaleng Mofokeng, <a style=\"color: #808080;\" href=\"https:\/\/www.ohchr.org\/en\/special-procedures\/sr-health\">rapporteur sp\u00e9cial sur le droit de toute personne de jouir du meilleur \u00e9tat de sant\u00e9 physique et mentale susceptible d&rsquo;\u00eatre atteint<\/a><\/span><\/li>\n<li><span style=\"font-size: 10pt; color: #808080;\">Surya Deva, <a style=\"color: #808080;\" href=\"https:\/\/www.ohchr.org\/en\/special-procedures\/sr-development\">rapporteur sp\u00e9cial sur le droit au d\u00e9veloppement<\/a><\/span><\/li>\n<li><span style=\"font-size: 10pt; color: #808080;\">Farida Shaheed, <a style=\"color: #808080;\" href=\"https:\/\/www.ohchr.org\/en\/special-procedures\/sr-education\">rapporteur sp\u00e9cial sur le droit \u00e0 l&rsquo;\u00e9ducation<\/a><\/span><\/li>\n<li><span style=\"font-size: 10pt; color: #808080;\">Michael Fakhri, <a style=\"color: #808080;\" href=\"https:\/\/www.ohchr.org\/en\/special-procedures\/sr-food\">rapporteur sp\u00e9cial sur le droit \u00e0 l&rsquo;alimentation<\/a><\/span><\/li>\n<li><span style=\"font-size: 10pt; color: #808080;\">Ana Brian Nougr\u00e8res, <a style=\"color: #808080;\" href=\"https:\/\/www.ohchr.org\/en\/special-procedures\/sr-privacy\">rapporteur sp\u00e9cial sur le droit \u00e0 la vie priv\u00e9e<\/a><\/span><\/li>\n<li><span style=\"font-size: 10pt; color: #808080;\">Albert K. Barume, <a style=\"color: #808080;\" href=\"https:\/\/www.ohchr.org\/en\/special-procedures\/sr-indigenous-peoples\">rapporteur sp\u00e9cial sur les droits des peuples autochtones<\/a><\/span><\/li>\n<li><span style=\"font-size: 10pt; color: #808080;\">Heba Hagrass, <a style=\"color: #808080;\" href=\"https:\/\/www.ohchr.org\/en\/special-procedures\/sr-disability\">rapporteur sp\u00e9cial sur les droits des personnes handicap\u00e9es<\/a><\/span><\/li>\n<li><span style=\"font-size: 10pt; color: #808080;\">Gina Romero, <a style=\"color: #808080;\" href=\"https:\/\/www.ohchr.org\/en\/special-procedures\/sr-freedom-of-assembly-and-association\">rapporteur sp\u00e9cial sur les droits \u00e0 la libert\u00e9 de r\u00e9union pacifique et d&rsquo;association<\/a><\/span><\/li>\n<li><span style=\"font-size: 10pt; color: #808080;\">Mama Fatima Singhateh, <a style=\"color: #808080;\" href=\"https:\/\/www.ohchr.org\/en\/special-procedures\/sr-sale-of-children\">rapporteur sp\u00e9cial sur la vente, l&rsquo;exploitation et les abus sexuels concernant les enfants<\/a><\/span><\/li>\n<li><span style=\"font-size: 10pt; color: #808080;\">Mary Lawlor, <a style=\"color: #808080;\" href=\"https:\/\/www.ohchr.org\/en\/special-procedures\/sr-human-rights-defenders\">rapporteur sp\u00e9cial sur la situation des d\u00e9fenseurs des droits de l&rsquo;homme<\/a><\/span><\/li>\n<li><span style=\"font-size: 10pt; color: #808080;\">Richard Bennett, <a style=\"color: #808080;\" href=\"https:\/\/www.ohchr.org\/en\/special-procedures\/sr-afghanistan\">rapporteur sp\u00e9cial sur la situation des droits de l&rsquo;homme en Afghanistan<\/a><\/span><\/li>\n<li><span style=\"font-size: 10pt; color: #808080;\">Nils Mui\u017enieks, <a style=\"color: #808080;\" href=\"https:\/\/www.ohchr.org\/en\/special-procedures\/sr-belarus\">le rapporteur sp\u00e9cial sur la situation des droits de l&rsquo;homme au Belarus<\/a><\/span><\/li>\n<li><span style=\"font-size: 10pt; color: #808080;\">Fortun\u00e9 Gaetan Zongo, <a style=\"color: #808080;\" href=\"https:\/\/www.ohchr.org\/en\/special-procedures\/sr-burundi\">le rapporteur sp\u00e9cial sur la situation des droits de l&rsquo;homme au Burundi<\/a><\/span><\/li>\n<li><span style=\"font-size: 10pt; color: #808080;\">Mohamed Abdelsalam Babiker, <a style=\"color: #808080;\" href=\"https:\/\/www.ohchr.org\/en\/special-procedures\/sr-eritrea\">le rapporteur sp\u00e9cial sur la situation des droits de l&rsquo;homme en \u00c9rythr\u00e9e<\/a><\/span><\/li>\n<li><span style=\"font-size: 10pt; color: #808080;\">Thomas Andrews, <a style=\"color: #808080;\" href=\"https:\/\/www.ohchr.org\/en\/special-procedures\/sr-myanmar\">rapporteur sp\u00e9cial sur la situation des droits de l&rsquo;homme au Myanmar<\/a><\/span><\/li>\n<li><span style=\"font-size: 10pt; color: #808080;\">Elizabeth Salm\u00f3n, <a style=\"color: #808080;\" href=\"https:\/\/www.ohchr.org\/en\/special-procedures\/sr-dprk\">rapporteur sp\u00e9cial sur la situation des droits de l&rsquo;homme en R\u00e9publique populaire d\u00e9mocratique de Cor\u00e9e<\/a><\/span><\/li>\n<li><span style=\"font-size: 10pt; color: #808080;\">Mai Sato, <a style=\"color: #808080;\" href=\"https:\/\/www.ohchr.org\/en\/special-procedures\/sr-iran\">rapporteur sp\u00e9cial sur la situation des droits de l&rsquo;homme en R\u00e9publique islamique d&rsquo;Iran<\/a><\/span><\/li>\n<li><span style=\"font-size: 10pt; color: #808080;\">Francesca Albanese, <a style=\"color: #808080;\" href=\"https:\/\/www.ohchr.org\/en\/special-procedures\/sr-palestine\">rapporteur sp\u00e9cial sur la situation des droits de l&rsquo;homme dans les territoires palestiniens occup\u00e9s depuis 1967<\/a><\/span><\/li>\n<li><span style=\"font-size: 10pt; color: #808080;\">Mariana Katzarova, <a style=\"color: #808080;\" href=\"https:\/\/www.ohchr.org\/en\/specialprocedures\/sr-russian-federation\">Rapporteur sp\u00e9cial sur la situation des droits de l&rsquo;homme dans la F\u00e9d\u00e9ration de Russie<\/a><\/span><\/li>\n<li><span style=\"font-size: 10pt; color: #808080;\">Alice Jill Edwards, <a style=\"color: #808080;\" href=\"https:\/\/www.ohchr.org\/en\/special-procedures\/sr-torture\">rapporteur sp\u00e9cial sur la torture et autres peines ou traitements cruels, inhumains ou d\u00e9gradants<\/a><\/span><\/li>\n<li><span style=\"font-size: 10pt; color: #808080;\">Siobh\u00e1n Mullally, <a style=\"color: #808080;\" href=\"https:\/\/www.ohchr.org\/en\/special-procedures\/sr-trafficking-in-persons\">rapporteur sp\u00e9cial sur la traite des \u00eatres humains, en particulier des femmes et des enfants<\/a><\/span><\/li>\n<li><span style=\"font-size: 10pt; color: #808080;\">Bina D&rsquo;Costa (pr\u00e9sidente), Barbara G. Reynolds, Catherine Namakula, Isabelle Mamadou, Miriam Ekiudoko, <a style=\"color: #808080;\" href=\"https:\/\/www.ohchr.org\/en\/special-procedures\/wg-african-descent\">le groupe de travail d&rsquo;experts sur les personnes d&rsquo;ascendance africaine<\/a><\/span><\/li>\n<li><span style=\"font-size: 10pt; color: #808080;\">Ganna Yudkivska (pr\u00e9sidente-rapporteure), Matthew Gillett (vice-pr\u00e9sident charg\u00e9 des communications), Miriam Estrada Castillo (vice-pr\u00e9sidente charg\u00e9e du suivi), Mumba Malila et Ethan Hee-Seok Shin, <a style=\"color: #808080;\" href=\"https:\/\/www.ohchr.org\/en\/special-procedures\/wg-arbitrary-detention\">le groupe de travail sur la d\u00e9tention arbitraire<\/a>.<\/span><\/li>\n<li><span style=\"font-size: 10pt; color: #808080;\">Claudia Flores (pr\u00e9sidente), Ivana Krsti\u0107 (vice-pr\u00e9sidente), Dorothy Estrada Tanck, Haina Lu, et Laura Nyirinkindi, <a style=\"color: #808080;\" href=\"https:\/\/www.ohchr.org\/en\/special-procedures\/wg-women-and-girls\">le groupe de travail sur la discrimination \u00e0 l&rsquo;\u00e9gard des femmes et des filles.<\/a><\/span><\/li>\n<li><span style=\"font-size: 10pt; color: #808080;\">Gabriella Citroni (pr\u00e9sidente-rapporteure), Gra\u017cyna Baranowska (vice-pr\u00e9sidente), Aua Bald\u00e9 ; Ana Lorena Delgadillo P\u00e9rez, et Mohammed Al-Obaidi, <a style=\"color: #808080;\" href=\"https:\/\/www.ohchr.org\/en\/special-procedures\/wg-disappearances\">le groupe de travail sur les disparitions forc\u00e9es ou involontaires<\/a>.<\/span><\/li>\n<li><span style=\"font-size: 10pt; color: #808080;\">Pichamon Yeophantong (pr\u00e9sident), Damilola Olawuyi (vice-pr\u00e9sident), Fernanda Hopenhaym, Lyra Jakulevi\u010dien\u0117 et Robert McCorquodale, <a style=\"color: #808080;\" href=\"https:\/\/www.ohchr.org\/en\/special-procedures\/wg-business\">le groupe de travail sur la question des droits de l&rsquo;homme et des soci\u00e9t\u00e9s transnationales et autres entreprises.<\/a><\/span><\/li>\n<li><span style=\"font-size: 10pt; color: #808080;\">Carlos Duarte (pr\u00e9sident), Davit Hakobyan, Uche Ofodile, Shalmali Guttal, Genevi\u00e8ve Savigny, <a style=\"color: #808080;\" href=\"https:\/\/www.ohchr.org\/en\/specialprocedures\/wg-peasants\">le groupe de travail sur les droits des paysans et autres personnes travaillant dans les zones rurales<\/a><\/span><\/li>\n<li><span style=\"font-size: 10pt; color: #808080;\">Michelle Small (pr\u00e9sidente-rapporteure), Ravindran Daniel, Jovana Jezdimirovic Ranito, Joana de Deus Pereira, Andr\u00e9s Mac\u00edas Tolosa, le <a style=\"color: #808080;\" href=\"https:\/\/www.ohchr.org\/en\/special-procedures\/wg-mercenaries\">groupe de travail sur l&rsquo;utilisation de mercenaires comme moyen de violer les droits de l&rsquo;homme et d&#8217;emp\u00eacher l&rsquo;exercice du droit des peuples \u00e0 disposer d&rsquo;eux-m\u00eames.<\/a><\/span><\/li>\n<\/ul>\n<p><span style=\"font-size: 10pt; color: #808080;\">Les rapporteurs sp\u00e9ciaux\/experts ind\u00e9pendants\/groupes de travail sont des experts ind\u00e9pendants en mati\u00e8re de droits de l&rsquo;homme nomm\u00e9s par le Conseil des droits de l&rsquo;homme des Nations unies. Ensemble, ces experts sont appel\u00e9s <a style=\"color: #808080;\" href=\"https:\/\/www.ohchr.org\/en\/special-procedures-human-rights-council\" target=\"_blank\" rel=\"noopener\">proc\u00e9dures sp\u00e9ciales<\/a> du Conseil des droits de l&rsquo;homme. Les experts des proc\u00e9dures sp\u00e9ciales travaillent sur une base volontaire ; ils ne font pas partie du personnel des Nations unies et ne re\u00e7oivent pas de salaire pour leur travail. Si le Bureau des droits de l&rsquo;homme des Nations unies fait office de secr\u00e9tariat pour les proc\u00e9dures sp\u00e9ciales, les experts agissent \u00e0 titre individuel et sont ind\u00e9pendants de tout gouvernement ou organisation, y compris du Haut-Commissariat aux droits de l&rsquo;homme et des Nations unies. Les points de vue ou opinions pr\u00e9sent\u00e9s sont uniquement ceux de l&rsquo;auteur et ne repr\u00e9sentent pas n\u00e9cessairement ceux de l&rsquo;ONU ou du HCDH.<\/span><\/p>\n<p><span style=\"font-size: 10pt; color: #808080;\">Les observations et recommandations sp\u00e9cifiques \u00e0 un pays formul\u00e9es par les m\u00e9canismes des droits de l&rsquo;homme des Nations unies, y compris les proc\u00e9dures sp\u00e9ciales, les organes de trait\u00e9s et l&rsquo;examen p\u00e9riodique universel, peuvent \u00eatre consult\u00e9es sur l&rsquo;Index universel des droits de l&rsquo;homme <a style=\"color: #808080;\" href=\"https:\/\/uhri.ohchr.org\/en\/\">https:\/\/uhri.ohchr.org\/en\/<\/a>.<\/span><\/p>\n<p><span style=\"font-size: 10pt; color: #808080;\">Pour les demandes de renseignements et les demandes des m\u00e9dias, veuillez contacter Nathalie Rondeux<a style=\"color: #808080;\" href=\"mailto:nathalie.rondeux@un.org\">(nathalie.rondeux@un.org)<\/a><\/span><\/p>\n<p><span style=\"font-size: 10pt; color: #808080;\">Suivez l&rsquo;actualit\u00e9 des experts ind\u00e9pendants des Nations unies en mati\u00e8re de droits de l&rsquo;homme sur Twitter : <a style=\"color: #808080;\" href=\"https:\/\/twitter.com\/UN_SPExperts\">@UN_SPExperts<\/a>.<\/span><\/p>\n<\/div>\n<\/div>\n<\/div>\n<\/div>\n<\/div>\n","protected":false},"excerpt":{"rendered":"<p>GEN\u00c8VE &#8211; Face \u00e0 la mont\u00e9e de l&rsquo;autoritarisme, \u00e0 l&rsquo;aggravation de la polarisation, \u00e0 l&rsquo;intol\u00e9rance croissante et aux pressions de plus en plus fortes qui p\u00e8sent sur le syst\u00e8me multilat\u00e9ral, la Journ\u00e9e des droits de l&rsquo;homme est un moment essentiel pour r\u00e9affirmer notre engagement commun en faveur des droits de l&rsquo;homme universels, ont d\u00e9clar\u00e9 aujourd&rsquo;hui\u2026 <span class=\"read-more\"><a href=\"https:\/\/unsr.albertbarume.org\/site\/fr?p=4854\">En savoir plus &raquo;<\/a><\/span><\/p>\n","protected":false},"author":1,"featured_media":4824,"comment_status":"closed","ping_status":"closed","sticky":false,"template":"","format":"standard","meta":{"footnotes":""},"categories":[20],"tags":[375],"class_list":["post-4854","post","type-post","status-publish","format-standard","has-post-thumbnail","hentry","category-press-releases-fr","tag-procedures-speciales"],"_links":{"self":[{"href":"https:\/\/unsr.albertbarume.org\/site\/fr\/index.php?rest_route=\/wp\/v2\/posts\/4854","targetHints":{"allow":["GET"]}}],"collection":[{"href":"https:\/\/unsr.albertbarume.org\/site\/fr\/index.php?rest_route=\/wp\/v2\/posts"}],"about":[{"href":"https:\/\/unsr.albertbarume.org\/site\/fr\/index.php?rest_route=\/wp\/v2\/types\/post"}],"author":[{"embeddable":true,"href":"https:\/\/unsr.albertbarume.org\/site\/fr\/index.php?rest_route=\/wp\/v2\/users\/1"}],"replies":[{"embeddable":true,"href":"https:\/\/unsr.albertbarume.org\/site\/fr\/index.php?rest_route=%2Fwp%2Fv2%2Fcomments&post=4854"}],"version-history":[{"count":0,"href":"https:\/\/unsr.albertbarume.org\/site\/fr\/index.php?rest_route=\/wp\/v2\/posts\/4854\/revisions"}],"wp:featuredmedia":[{"embeddable":true,"href":"https:\/\/unsr.albertbarume.org\/site\/fr\/index.php?rest_route=\/wp\/v2\/media\/4824"}],"wp:attachment":[{"href":"https:\/\/unsr.albertbarume.org\/site\/fr\/index.php?rest_route=%2Fwp%2Fv2%2Fmedia&parent=4854"}],"wp:term":[{"taxonomy":"category","embeddable":true,"href":"https:\/\/unsr.albertbarume.org\/site\/fr\/index.php?rest_route=%2Fwp%2Fv2%2Fcategories&post=4854"},{"taxonomy":"post_tag","embeddable":true,"href":"https:\/\/unsr.albertbarume.org\/site\/fr\/index.php?rest_route=%2Fwp%2Fv2%2Ftags&post=4854"}],"curies":[{"name":"wp","href":"https:\/\/api.w.org\/{rel}","templated":true}]}}