{"id":86,"date":"2025-02-06T03:08:31","date_gmt":"2025-02-06T03:08:31","guid":{"rendered":"https:\/\/unsr.albertbarume.org\/site\/2025\/02\/06\/un-experts-call-for-urgent-humanitarian-relief-and-a-political-solution-to-protect-civilians-in-drc\/"},"modified":"2025-04-13T20:37:51","modified_gmt":"2025-04-13T20:37:51","slug":"un-experts-call-for-urgent-humanitarian-relief-and-a-political-solution-to-protect-civilians-in-drc","status":"publish","type":"post","link":"https:\/\/unsr.albertbarume.org\/site\/fr?p=86","title":{"rendered":"Des experts de l&rsquo;ONU appellent \u00e0 une aide humanitaire d&rsquo;urgence et \u00e0 une solution politique pour prot\u00e9ger les civils en RDC"},"content":{"rendered":"<p><img loading=\"lazy\" decoding=\"async\" class=\"size-full wp-image-10 alignleft\" src=\"https:\/\/unsr.albertbarume.org\/site\/wp-content\/uploads\/2025\/04\/ACNUDH.png\" alt=\"\" width=\"265\" height=\"270\" \/><\/p>\n<div class=\"node-news__body\">\n<div class=\"wysiwyg-content field field--name-body field--type-text-with-summary field--label-hidden field__item\">\n<p class=\"text--body-copy--gray without-margins\"><strong>GEN\u00c8VE<\/strong>\u00a0&#8211; Des experts de l&rsquo;ONU* ont exprim\u00e9 aujourd&rsquo;hui leur vive inqui\u00e9tude quant aux besoins urgents de protection et aux conditions de vie d\u00e9sastreuses des civils d\u00e9plac\u00e9s dans l&rsquo;est de la R\u00e9publique d\u00e9mocratique du Congo (RDC), riche en min\u00e9rales. L&rsquo;intensification des hostilit\u00e9s entre le groupe arm\u00e9 M23, soutenu par le Rwanda, et les forces arm\u00e9es de la RDC, soutenues par des milices alli\u00e9es et des acteurs mercenaires et des acteurs associ\u00e9s, a d\u00e9plac\u00e9 au moins 700 000 personnes, en a tu\u00e9 au moins 900 et en a bless\u00e9 plus de 2000 \u00e0 Goma et ses alentours depuis le d\u00e9but du mois de janvier.<\/p>\n<p lang=\"en-GB\"><em>\u00ab Nous apportons notre soutien et notre solidarit\u00e9 les plus sinc\u00e8res aux centaines de milliers de personnes touch\u00e9es par le conflit, dont beaucoup se trouvaient m\u00eame avant le conflit actuel dans des situations de d\u00e9placement prolong\u00e9 \u00bb,<\/em> ont d\u00e9clar\u00e9 les experts.<\/p>\n<p lang=\"en-GB\"><em>\u00ab Nous exprimons notre profonde inqui\u00e9tude face aux informations faisant \u00e9tat d&rsquo;attaques aveugles et d&rsquo;assassinats cibl\u00e9s de civils, notamment sur la base de leur appartenance ethnique, d&rsquo;ex\u00e9cutions sommaires, de graves incidents de violence sexuelle li\u00e9s au conflit et visant les femmes et les filles, de civils soumis \u00e0 la conscription et au travail forc\u00e9s, et d&rsquo;arrestations arbitraires de personnes d\u00e9plac\u00e9es confondues avec des rebelles. Nous demandons \u00e9galement qu&rsquo;une attention particuli\u00e8re soit accord\u00e9e aux vuln\u00e9rabilit\u00e9s exacerb\u00e9es des peuples autochtones pygm\u00e9es. Nous demandons \u00e0 toutes les parties au conflit de respecter les obligations qui leur incombent en vertu du droit international \u00bb.<\/em><\/p>\n<p>De violents combats ont eu lieu pr\u00e8s de zones urbaines dens\u00e9ment peupl\u00e9es et de camps abritant des dizaines de milliers de personnes d\u00e9plac\u00e9es \u00e0 l&rsquo;int\u00e9rieur du pays. Au moins deux camps ont \u00e9t\u00e9 bombard\u00e9s. Plusieurs sites de d\u00e9placement ont \u00e9t\u00e9 partiellement ou totalement vid\u00e9s lorsque les familles ont fui le conflit, tandis que d&rsquo;autres ont \u00e9t\u00e9 ferm\u00e9s de force par le M23, en violation flagrante du droit des personnes d\u00e9plac\u00e9es \u00e0 des solutions s\u00fbres, volontaires et dignes. De nombreuses personnes d\u00e9plac\u00e9es sont contraintes de dormir dans des tentes de fortune ou en plein air, car les camps de d\u00e9plac\u00e9s surpeupl\u00e9s ne sont pas en mesure de faire face \u00e0 l&rsquo;afflux de personnes et \u00e0 leurs besoins de protection.<\/p>\n<p lang=\"en-GB\"><em>\u00ab Malgr\u00e9 le r\u00e9cent cessez-le-feu unilat\u00e9ral, les personnes d\u00e9plac\u00e9es n&rsquo;ont plus d&rsquo;abri s\u00fbr alors que la crise humanitaire dans l&rsquo;est de la RDC prend une tournure profond\u00e9ment alarmante, dans laquelle les femmes et les filles sont repr\u00e9sent\u00e9es de mani\u00e8re disproportionn\u00e9e \u00bb,<\/em> ont d\u00e9clar\u00e9 les experts.<\/p>\n<p lang=\"en-GB\"><em>\u00ab Il y a de graves p\u00e9nuries de nourriture et d&rsquo;abris. Il n&rsquo;y a pas d&rsquo;\u00e9lectricit\u00e9 ni d&rsquo;eau potable, ce qui accro\u00eet le risque de flamb\u00e9es infectieuses dans une r\u00e9gion sujette aux \u00e9pid\u00e9mies \u00bb<\/em>, ont-ils d\u00e9clar\u00e9. <em>\u00ab Les installations m\u00e9dicales sont d\u00e9bord\u00e9es et ne peuvent pas soigner les bless\u00e9s, \u00e9liminer les morts et traiter les victimes de violences sexuelles et sexistes. La situation est aggrav\u00e9e par le pillage g\u00e9n\u00e9ralis\u00e9 des installations humanitaires et les refus d&rsquo;acc\u00e8s \u00e0 l&rsquo;aide humanitaire \u00bb.<\/em><\/p>\n<p>Les experts ont exhort\u00e9 la communaut\u00e9 internationale \u00e0 intensifier ses efforts et son financement pour aider le gouvernement de la RDC \u00e0 prot\u00e9ger et \u00e0 assister les personnes d\u00e9plac\u00e9es, tout en soulignant la n\u00e9cessit\u00e9 de mener des enqu\u00eates en bonne et due forme et de demander des comptes pour les violations commises, ainsi que de trouver une solution politique \u00e0 long terme pour mettre fin \u00e0 ce cycle de violence et de d\u00e9placement.<\/p>\n<p lang=\"en-GB\"><em>\u00ab Alors que la communaut\u00e9 internationale reste les bras crois\u00e9s, des millions de Congolais d\u00e9plac\u00e9s continuent d&rsquo;endurer des \u00e9preuves inimaginables, aspirant \u00e0 la paix et \u00e0 la reconstruction de leur vie \u00bb<\/em>, ont d\u00e9clar\u00e9 les experts.<\/p>\n<p lang=\"en-GB\"><em>\u00ab Il est imp\u00e9ratif que les parties prenantes internationales apportent un soutien solide non seulement \u00e0 la r\u00e9ponse humanitaire, mais aussi aux processus de Nairobi et de Luanda visant \u00e0 n\u00e9gocier une fin inclusive au conflit, et aux efforts visant \u00e0 garantir la responsabilit\u00e9 et la r\u00e9paration des violations du droit international et des crimes contre la vie des civils, y compris par le biais de nouvelles enqu\u00eates de la Cour p\u00e9nale internationale et de la prochaine session sp\u00e9ciale du Conseil des droits de l&rsquo;homme sur la RDC. \u00bb<\/em><\/p>\n<p>Les experts ont appel\u00e9 le M23 \u00e0 cesser ses avanc\u00e9es militaires, en particulier vers Bukavu o\u00f9 des milliers de personnes d\u00e9plac\u00e9es ont trouv\u00e9 refuge. Ils ont demand\u00e9 \u00e0 la RDC d&rsquo;intensifier ses efforts pour prot\u00e9ger et aider les personnes d\u00e9plac\u00e9es, et ont fait \u00e9cho \u00e0 l&rsquo;appel du Secr\u00e9taire g\u00e9n\u00e9ral pour que le Rwanda cesse de soutenir le M23 et se retire du territoire de la RDC.<\/p>\n<p lang=\"en-GB\"><em>\u00ab Toutes les parties doivent retourner \u00e0 la table des n\u00e9gociations de bonne foi, pour l&rsquo;avenir de la paix et de la s\u00e9curit\u00e9 r\u00e9gionales \u00bb<\/em>, ont-ils d\u00e9clar\u00e9.<\/p>\n<hr \/>\n<\/div>\n<\/div>\n<div class=\"node-news__text-block\">\n<div class=\"field field--name-field-components-list field--type-entity-reference-revisions field--label-hidden field__items\">\n<div class=\"field__item\">\n<div class=\"paragraph-bg-color paragraph para-text container paragraph--type--text-component paragraph--view-mode--default\">\n<div class=\"para-text--description wysiwyg-content\">\n<p class=\"text--body-copy--gray without-margins\"><span style=\"color: #999999;\">*Les experts :\u00a0<strong>Paula Gaviria Betancur<\/strong>,\u00a0<a style=\"color: #999999;\" title=\"Rapporteur sp\u00e9cial sur les droits humains des personnes d\u00e9plac\u00e9es dans leur propre pays\" href=\"https:\/\/www.ohchr.org\/fr\/special-procedures\/sr-internally-displaced-persons\" data-entity-type=\"node\" data-entity-uuid=\"abbd7efa-0479-4e29-b91b-b65f0ca035cb\" data-entity-substitution=\"canonical\">Rapporteuse sp\u00e9ciale sur les droits humains des personnes d\u00e9plac\u00e9es dans leur propre pays<\/a>;\u00a0<strong>Siobh\u00e1n Mullally,\u00a0<\/strong><a style=\"color: #999999;\" title=\"Rapporteur sp\u00e9cial sur la traite des \u00eatres humains, en particulier les femmes et les enfants\" href=\"https:\/\/www.ohchr.org\/fr\/special-procedures\/sr-trafficking-in-persons\" data-entity-type=\"node\" data-entity-uuid=\"1a408aa6-7452-46d9-8f9a-d37292a81af7\" data-entity-substitution=\"canonical\"><strong>Rapporteuse sp\u00e9ciale sur la traite des \u00eatres humains, en particulier les femmes et les enfants<\/strong><\/a><strong>; Tomoya Obokata,<\/strong>\u00a0<a style=\"color: #999999;\" title=\"Rapporteur sp\u00e9cial sur les formes contemporaines d\u2019esclavage\" href=\"https:\/\/www.ohchr.org\/fr\/special-procedures\/sr-slavery\" data-entity-type=\"node\" data-entity-uuid=\"84d653f2-0c75-4213-877b-3d05102bfb15\" data-entity-substitution=\"canonical\">Rapporteur spe\u00e7ial sur les formes contemporaines d\u2019esclavage, y compris leurs causes et leurs cons\u00e9quences<\/a>\u00a0;\u00a0<strong>Balakrishnan Rajagopal<\/strong>,\u00a0<a style=\"color: #999999;\" href=\"https:\/\/www.ohchr.org\/fr\/special-procedures\/sr-housing\">Rapporteur sp\u00e9cial sur le droit \u00e0 un logement convenable<\/a>\u00a0;\u00a0<strong>Albert Kwokwo Barume<\/strong>,\u00a0<a style=\"color: #999999;\" title=\"Rapporteur sp\u00e9cial sur les droits des peuples autochtones\" href=\"https:\/\/www.ohchr.org\/fr\/special-procedures\/sr-indigenous-peoples\" data-entity-type=\"node\" data-entity-uuid=\"719d30df-1a65-4686-9799-146f1fb12acb\" data-entity-substitution=\"canonical\">Rapporteur sp\u00e9cial sur les droits des peuples autochtones<\/a>\u00a0;\u00a0<strong>Pedro Arrojo-Agudo,<\/strong>\u00a0<a style=\"color: #999999;\" title=\"Rapporteur sp\u00e9cial sur les droits \u00e0 l\u2019eau et \u00e0 l\u2019assainissement\" href=\"https:\/\/www.ohchr.org\/fr\/special-procedures\/sr-water-and-sanitation\" data-entity-type=\"node\" data-entity-uuid=\"5f3da1aa-5851-42d1-8961-06fd2e8df603\" data-entity-substitution=\"canonical\">Rapporteur sp\u00e9cial sur les droits humains \u00e0 l&rsquo;eau potable et \u00e0 l&rsquo;assainissement<\/a>\u00a0;\u00a0<strong>Jovana Jezdimirovic Ranito (Pr\u00e9sidente-rapporteuse), Ravindran Daniel, Michelle Small, Joana de Deus Pereira, Andr\u00e9s Mac\u00edas Tolosa<\/strong>,\u00a0<a style=\"color: #999999;\" title=\"Groupe de travail sur les mercenaires\" href=\"https:\/\/www.ohchr.org\/fr\/special-procedures\/wg-mercenaries\" data-entity-type=\"node\" data-entity-uuid=\"5d19edc4-ccbf-4aaf-9af0-afb72a8b4db2\" data-entity-substitution=\"canonical\">Groupe de travail sur l&rsquo;utilisation de mercenaires<\/a>\u00a0;\u00a0<strong>Laura Nyirinkindi (Pr\u00e9sidente), Claudia Flores (vice-pr\u00e9sidente), Dorothy Estrada Tanck, Ivana Krsti\u0107, et Haina Lu<\/strong>,\u00a0<a style=\"color: #999999;\" title=\"Groupe de travail sur la discrimination \u00e0 l\u2019\u00e9gard des femmes et des filles\" href=\"https:\/\/www.ohchr.org\/fr\/special-procedures\/wg-women-and-girls\" data-entity-type=\"node\" data-entity-uuid=\"466a47b5-525d-49cb-9e4e-c8528e717b98\" data-entity-substitution=\"canonical\">Groupe de travail sur la discrimination \u00e0 l&rsquo;\u00e9gard des femmes et des filles<\/a>\u00a0;\u00a0<strong>Reem Alsalem<\/strong>,\u00a0<a style=\"color: #999999;\" title=\"Rapporteur sp\u00e9cial sur la violence contre les femmes et les filles\" href=\"https:\/\/www.ohchr.org\/fr\/special-procedures\/sr-violence-against-women\" data-entity-type=\"node\" data-entity-uuid=\"dd4fd48a-eee4-468b-af23-e4b7af518ddd\" data-entity-substitution=\"canonical\">Rapporteuse sp\u00e9ciale sur la violence contre les femmes et les filles, ses causes et ses cons\u00e9quences<\/a>\u00a0;\u00a0<strong>Alice Jill Edwards<\/strong>,\u00a0<a style=\"color: #999999;\" title=\"Rapporteur sp\u00e9cial sur la torture et autres peines ou traitements cruels, inhumains ou d\u00e9gradants\" href=\"https:\/\/www.ohchr.org\/fr\/special-procedures\/sr-torture\" data-entity-type=\"node\" data-entity-uuid=\"4369ce5f-1d61-4f89-ab39-e7f3ddaa1f3d\" data-entity-substitution=\"canonical\">Rapporteuse sp\u00e9cial sur la torture et autres peines ou traitements cruels, inhumains ou d\u00e9gradants<\/a>\u00a0;\u00a0<strong>Nicolas Levrat<\/strong>,\u00a0<a style=\"color: #999999;\" title=\"Rapporteur sp\u00e9cial sur les questions relatives aux minorit\u00e9s\" href=\"https:\/\/www.ohchr.org\/fr\/special-procedures\/sr-minority-issues\" data-entity-type=\"node\" data-entity-uuid=\"2924e4f1-7dce-4df7-8ae7-69cd5bb5dd9e\" data-entity-substitution=\"canonical\">Rapporteur sp\u00e9cial sur les questions relatives aux minorit\u00e9s<\/a>\u00a0;\u00a0<strong>Morris Tidball-Binz,<\/strong>\u00a0<a style=\"color: #999999;\" title=\"Rapporteur sp\u00e9cial sur les ex\u00e9cutions extrajudiciaires, sommaires ou arbitraires\" href=\"https:\/\/www.ohchr.org\/fr\/special-procedures\/sr-executions\" data-entity-type=\"node\" data-entity-uuid=\"d486504c-17d9-4485-8e22-086d72389a0b\" data-entity-substitution=\"canonical\">Rapporteur sp\u00e9cial sur les ex\u00e9cutions extrajudiciaires, sommaires, ou arbitraires<\/a>;\u00a0<strong>Fortun\u00e9 Gaetan Zongo,<\/strong><a style=\"color: #999999;\" title=\"Rapporteur sp\u00e9cial sur la situation des droits de l'homme au Burundi\" href=\"https:\/\/www.ohchr.org\/fr\/special-procedures\/sr-burundi\" data-entity-type=\"node\" data-entity-uuid=\"9ec0ca61-3ba4-425f-a0b2-c49c1ccc06f7\" data-entity-substitution=\"canonical\">\u00a0Rapporteur sp\u00e9cial sur la situation des droits humains au Burundi<\/a>;\u00a0<strong>George Katrougalos,<\/strong>\u00a0<a style=\"color: #999999;\" title=\"Expert ind\u00e9pendant sur l\u2019ordre international\" href=\"https:\/\/www.ohchr.org\/fr\/special-procedures\/ie-international-order\" data-entity-type=\"node\" data-entity-uuid=\"a3f263d0-2662-4621-a841-d29954d7a9ae\" data-entity-substitution=\"canonical\">Expert ind\u00e9pendant sur la promotion d&rsquo;un ordre international d\u00e9mocratique et \u00e9quitable<\/a><\/span><\/p>\n<p><span style=\"color: #999999;\">Les rapporteurs sp\u00e9ciaux\/experts ind\u00e9pendants\/groupes de travail sont des experts ind\u00e9pendants des droits de l&rsquo;homme nomm\u00e9s par le Conseil des droits de l&rsquo;homme des Nations unies. Ensemble, ces experts sont d\u00e9sign\u00e9s comme les proc\u00e9dures sp\u00e9ciales du Conseil des droits de l&rsquo;homme. Les experts des proc\u00e9dures sp\u00e9ciales travaillent sur la base du volontariat ; ils ne font pas partie du personnel des Nations unies et ne re\u00e7oivent pas de salaire pour leur travail. Bien que le Bureau des droits de l&rsquo;homme des Nations unies fasse office de secr\u00e9tariat pour les proc\u00e9dures sp\u00e9ciales, les experts exercent leurs fonctions \u00e0 titre individuel et sont ind\u00e9pendants de tout gouvernement ou organisation, y compris du Haut-Commissariat aux droits de l&rsquo;homme et des Nations unies. Tous points de vue ou opinions pr\u00e9sent\u00e9s sont uniquement ceux de l&rsquo;auteur et ne repr\u00e9sentent pas n\u00e9cessairement ceux de l&rsquo;ONU ou du HCDH.<\/span><\/p>\n<p><span style=\"color: #999999;\">Les observations et recommandations sp\u00e9cifiques formul\u00e9es \u00e0 un pays par les m\u00e9canismes des droits de l&rsquo;homme des Nations unies, y compris les proc\u00e9dures sp\u00e9ciales, les organes de trait\u00e9s et l&rsquo;examen p\u00e9riodique universel, peuvent \u00eatre consult\u00e9es sur l&rsquo;index universel des droits de l&rsquo;homme (<a style=\"color: #999999;\" href=\"https:\/\/uhri.ohchr.org\/en\/\">https:\/\/uhri.ohchr.org\/en\/<\/a>).<\/span><\/p>\n<p><span style=\"color: #999999;\">Pour plus d&rsquo;informations et pour les demandes des m\u00e9dias, veuillez contacter Sofia Palli (<a style=\"color: #999999;\" href=\"mailto:palli@un.org\">palli@un.org<\/a>) et Krishnan Raghavan (<a style=\"color: #999999;\" href=\"mailto:krishnan.raghavan@un.org\">krishnan.raghavan@un.org<\/a>)<\/span><\/p>\n<p><span style=\"color: #999999;\">Pour les demandes des m\u00e9dias concernant d&rsquo;autres experts ind\u00e9pendants des Nations unies, veuillez contacter Maya Derouaz (<a style=\"color: #999999;\" href=\"mailto:maya.derouaz@un.org\">maya.derouaz@un.org<\/a>\u00a0et Dharisha Indraguptha (<a style=\"color: #999999;\" href=\"mailto:dharisha.indraguptha@un.org\">dharisha.indraguptha@un.org<\/a>).<\/span><\/p>\n<p><span style=\"color: #999999;\">Suivez les actualit\u00e9s relatives aux experts ind\u00e9pendants des droits humains de l&rsquo;ONU sur X :\u00a0<a style=\"color: #999999;\" href=\"https:\/\/twitter.com\/UN_SPExperts\">@UN_SPExperts<\/a><\/span><\/p>\n<\/div>\n<\/div>\n<\/div>\n<\/div>\n<\/div>\n","protected":false},"excerpt":{"rendered":"<p>GEN\u00c8VE\u00a0&#8211; Des experts de l&rsquo;ONU* ont exprim\u00e9 aujourd&rsquo;hui leur vive inqui\u00e9tude quant aux besoins urgents de protection et aux conditions de vie d\u00e9sastreuses des civils d\u00e9plac\u00e9s dans l&rsquo;est de la R\u00e9publique d\u00e9mocratique du Congo (RDC), riche en min\u00e9rales. L&rsquo;intensification des hostilit\u00e9s entre le groupe arm\u00e9 M23, soutenu par le Rwanda, et les forces arm\u00e9es de\u2026 <span class=\"read-more\"><a href=\"https:\/\/unsr.albertbarume.org\/site\/fr?p=86\">En savoir plus &raquo;<\/a><\/span><\/p>\n","protected":false},"author":1,"featured_media":333,"comment_status":"open","ping_status":"open","sticky":false,"template":"","format":"standard","meta":{"footnotes":""},"categories":[20],"tags":[21,22],"class_list":["post-86","post","type-post","status-publish","format-standard","has-post-thumbnail","hentry","category-press-releases-fr","tag-drc-fr","tag-republique-democratique-du-congo"],"_links":{"self":[{"href":"https:\/\/unsr.albertbarume.org\/site\/fr\/index.php?rest_route=\/wp\/v2\/posts\/86","targetHints":{"allow":["GET"]}}],"collection":[{"href":"https:\/\/unsr.albertbarume.org\/site\/fr\/index.php?rest_route=\/wp\/v2\/posts"}],"about":[{"href":"https:\/\/unsr.albertbarume.org\/site\/fr\/index.php?rest_route=\/wp\/v2\/types\/post"}],"author":[{"embeddable":true,"href":"https:\/\/unsr.albertbarume.org\/site\/fr\/index.php?rest_route=\/wp\/v2\/users\/1"}],"replies":[{"embeddable":true,"href":"https:\/\/unsr.albertbarume.org\/site\/fr\/index.php?rest_route=%2Fwp%2Fv2%2Fcomments&post=86"}],"version-history":[{"count":2,"href":"https:\/\/unsr.albertbarume.org\/site\/fr\/index.php?rest_route=\/wp\/v2\/posts\/86\/revisions"}],"predecessor-version":[{"id":88,"href":"https:\/\/unsr.albertbarume.org\/site\/fr\/index.php?rest_route=\/wp\/v2\/posts\/86\/revisions\/88"}],"wp:featuredmedia":[{"embeddable":true,"href":"https:\/\/unsr.albertbarume.org\/site\/fr\/index.php?rest_route=\/wp\/v2\/media\/333"}],"wp:attachment":[{"href":"https:\/\/unsr.albertbarume.org\/site\/fr\/index.php?rest_route=%2Fwp%2Fv2%2Fmedia&parent=86"}],"wp:term":[{"taxonomy":"category","embeddable":true,"href":"https:\/\/unsr.albertbarume.org\/site\/fr\/index.php?rest_route=%2Fwp%2Fv2%2Fcategories&post=86"},{"taxonomy":"post_tag","embeddable":true,"href":"https:\/\/unsr.albertbarume.org\/site\/fr\/index.php?rest_route=%2Fwp%2Fv2%2Ftags&post=86"}],"curies":[{"name":"wp","href":"https:\/\/api.w.org\/{rel}","templated":true}]}}